{"id":56,"date":"2021-10-04T18:02:50","date_gmt":"2021-10-04T18:02:50","guid":{"rendered":"https:\/\/blogs.dickinson.edu\/fr300automne21\/?p=56"},"modified":"2021-10-04T18:02:50","modified_gmt":"2021-10-04T18:02:50","slug":"la-liberte-de-chiens","status":"publish","type":"post","link":"https:\/\/blogs.dickinson.edu\/fr300automne21\/2021\/10\/04\/la-liberte-de-chiens\/","title":{"rendered":"La libert\u00e9 de Chiens"},"content":{"rendered":"<p><strong>Description<\/strong><\/p>\n<p><span style=\"font-weight: 400\">Pour me rendre au centre Dickinson, je marche jusqu&#8217;\u00e0 la station de m\u00e9tro situ\u00e9e pr\u00e8s de chez moi. C&#8217;est une promenade paisible dans mon quartier, que j&#8217;appr\u00e9cie beaucoup. Au cours des derni\u00e8res semaines, j&#8217;ai commenc\u00e9 \u00e0 reconna\u00eetre certains de mes voisins, et les visages de ceux qui marchent toujours \u00e0 l&#8217;heure comme moi. L&#8217;un de ces voisins que je reconnais est un homme \u00e2g\u00e9 et son petit teckel brun. Normalement, l&#8217;homme marche plus vite que le chien, et il tient la laisse du chien qui n&#8217;est pas attach\u00e9e au chien. Ils marchent tous deux lentement, et l&#8217;homme ne semble jamais regarder le chien, m\u00eame lorsque vous passez \u00e0 c\u00f4t\u00e9. Apr\u00e8s avoir remarqu\u00e9 ce comportement, j&#8217;ai commenc\u00e9 \u00e0 remarquer de plus en plus de personnes dans mon quartier qui prom\u00e8nent leurs chiens sans les tenir avec une laisse. Je le vois surtout autour de chez moi, mais parfois les gens autour de la place du Capitole, ou du Port de la Durade prom\u00e8nent aussi leurs chiens comme \u00e7a. En voyant cela, je suis souvent choqu\u00e9e, mais aussi un peu inqui\u00e8te pour le chien, car m\u00eame pr\u00e8s des grandes routes o\u00f9 il y a beaucoup de monde, le chien est libre de se promener. J&#8217;aurais l&#8217;impression d&#8217;\u00eatre plus choqu\u00e9e, mais il semble que les chiens restent g\u00e9n\u00e9ralement avec leurs ma\u00eetres, m\u00eame s&#8217;ils les suivent. De plus, en fonction du chien et s&#8217;il s&#8217;agit d&#8217;un gros chien, cela peut \u00eatre assez intimidant lorsque vous marchez vers lui. Je ne sais jamais comment le chien va agir, et comme le propri\u00e9taire ne fait pas attention, c&#8217;est un peu alarmant.<\/span><\/p>\n<p><strong>Interpr\u00e9tation<\/strong><\/p>\n<p><span style=\"font-weight: 400\">Bien que j&#8217;appr\u00e9hende lorsque je vois des chiens sans laisse, je n&#8217;ai encore jamais eu de mauvaise exp\u00e9rience avec l&#8217;un de ces chiens. Lorsque j&#8217;ai demand\u00e9 \u00e0 mon h\u00f4te comment les gens prom\u00e8nent leurs chiens comme \u00e7a, elle m&#8217;a r\u00e9pondu que les gens \u00e9duquent g\u00e9n\u00e9ralement tr\u00e8s bien leurs chiens s&#8217;ils veulent faire \u00e7a, ou que les chiens sont tr\u00e8s vieux pour ne pas \u00eatre d\u00e9rang\u00e9s par les autres. Il est logique que les propri\u00e9taires de chiens souhaitent donner plus de libert\u00e9 \u00e0 leurs animaux lorsqu&#8217;ils se prom\u00e8nent, et s&#8217;ils sont form\u00e9s, ils sont certains que leurs animaux les suivront. De plus, comme je vois ce genre de situation le plus souvent dans des endroits peu fr\u00e9quent\u00e9s, les promeneurs se sentent \u00e0 l&#8217;aise de laisser leur chien sans laisse. En faisant des recherches sur les lois fran\u00e7aises relatives \u00e0 la tenue en laisse des animaux domestiques, j&#8217;ai trouv\u00e9 une d\u00e9claration de <\/span><i><span style=\"font-weight: 400\">Les Amis des Animaux<\/span><\/i><span style=\"font-weight: 400\">, qui dit que \u00ab les chiens ne doivent pas \u00eatre laiss\u00e9s en libert\u00e9 dans les espaces publics&#8230; ou ils peuvent \u00eatre surveill\u00e9s \u00e0 100 m\u00e8tres. \u00bb \u2018Cette loi a du sens mais les gens ne la suivent pas, probablement parce qu&#8217;elle limite leurs libert\u00e9s en tant que propri\u00e9taires d&#8217;animaux. Ou bien, c&#8217;est parce qu&#8217;il est plus facile de promener votre chien de cette fa\u00e7on si vous savez qu&#8217;il est entra\u00een\u00e9.\u00a0<\/span><\/p>\n<p><strong>Evaluation<\/strong><\/p>\n<p><span style=\"font-weight: 400\"> J&#8217;ai des sentiments mitig\u00e9s \u00e0 l&#8217;\u00e9gard de cette situation que je vois tr\u00e8s souvent. D&#8217;un c\u00f4t\u00e9, je pense que c&#8217;est amusant et sympa que les gens fassent confiance \u00e0 leurs animaux de compagnie pour les suivre et marcher \u00e0 c\u00f4t\u00e9 d&#8217;eux sans \u00eatre distraits. On peut voir que les gens ont des liens forts avec leurs animaux de compagnie, ce qui fait chaud au c\u0153ur quand on se prom\u00e8ne. Et d&#8217;un autre c\u00f4t\u00e9, je m&#8217;inqui\u00e8te pour l&#8217;animal et les autres passants, car il m&#8217;est difficile de comprendre comment le chien ne se laisse pas distraire. Cela montre vraiment une diff\u00e9rence dans la fa\u00e7on dont les cultures interagissent avec leurs animaux de compagnie, car les Toulousains ont tendance \u00e0 donner beaucoup de libert\u00e9 \u00e0 leurs animaux. En Pennsylvanie, il est extr\u00eamement rare de voir des chiens sans laisse en public, \u00e0 moins qu&#8217;ils ne soient dans un parc. <img loading=\"lazy\" decoding=\"async\" class=\"size-medium wp-image-57 alignright\" src=\"http:\/\/blogs.dickinson.edu\/fr300automne21\/files\/2021\/10\/IMG_3551-230x300.jpg\" alt=\"\" width=\"230\" height=\"300\" srcset=\"https:\/\/blogs.dickinson.edu\/fr300automne21\/files\/2021\/10\/IMG_3551-230x300.jpg 230w, https:\/\/blogs.dickinson.edu\/fr300automne21\/files\/2021\/10\/IMG_3551-785x1024.jpg 785w, https:\/\/blogs.dickinson.edu\/fr300automne21\/files\/2021\/10\/IMG_3551-768x1002.jpg 768w, https:\/\/blogs.dickinson.edu\/fr300automne21\/files\/2021\/10\/IMG_3551-1178x1536.jpg 1178w, https:\/\/blogs.dickinson.edu\/fr300automne21\/files\/2021\/10\/IMG_3551-1570x2048.jpg 1570w, https:\/\/blogs.dickinson.edu\/fr300automne21\/files\/2021\/10\/IMG_3551-scaled.jpg 1963w\" sizes=\"auto, (max-width: 230px) 100vw, 230px\" \/><\/span><\/p>\n<p>&nbsp;<\/p>\n<p>&nbsp;<\/p>\n<p><span style=\"font-weight: 400\">Je n&#8217;ai pas pu prendre de photo de l&#8217;homme et de son chien, voici donc un autre exemple de chien au Port de la Durade marchant seul derri\u00e8re son ma\u00eetre.<\/span><\/p>\n","protected":false},"excerpt":{"rendered":"<p>Description Pour me rendre au centre Dickinson, je marche jusqu&#8217;\u00e0 la station de m\u00e9tro situ\u00e9e pr\u00e8s de chez moi. C&#8217;est une promenade paisible dans mon quartier, que j&#8217;appr\u00e9cie beaucoup. Au cours des derni\u00e8res semaines, j&#8217;ai commenc\u00e9 \u00e0 reconna\u00eetre certains de mes voisins, et les visages de ceux qui marchent toujours \u00e0 l&#8217;heure comme moi. L&#8217;un [&hellip;]<\/p>\n","protected":false},"author":4801,"featured_media":0,"comment_status":"open","ping_status":"open","sticky":false,"template":"","format":"standard","meta":{"footnotes":""},"categories":[342993],"tags":[],"class_list":["post-56","post","type-post","status-publish","format-standard","hentry","category-7-octobre"],"_links":{"self":[{"href":"https:\/\/blogs.dickinson.edu\/fr300automne21\/wp-json\/wp\/v2\/posts\/56","targetHints":{"allow":["GET"]}}],"collection":[{"href":"https:\/\/blogs.dickinson.edu\/fr300automne21\/wp-json\/wp\/v2\/posts"}],"about":[{"href":"https:\/\/blogs.dickinson.edu\/fr300automne21\/wp-json\/wp\/v2\/types\/post"}],"author":[{"embeddable":true,"href":"https:\/\/blogs.dickinson.edu\/fr300automne21\/wp-json\/wp\/v2\/users\/4801"}],"replies":[{"embeddable":true,"href":"https:\/\/blogs.dickinson.edu\/fr300automne21\/wp-json\/wp\/v2\/comments?post=56"}],"version-history":[{"count":0,"href":"https:\/\/blogs.dickinson.edu\/fr300automne21\/wp-json\/wp\/v2\/posts\/56\/revisions"}],"wp:attachment":[{"href":"https:\/\/blogs.dickinson.edu\/fr300automne21\/wp-json\/wp\/v2\/media?parent=56"}],"wp:term":[{"taxonomy":"category","embeddable":true,"href":"https:\/\/blogs.dickinson.edu\/fr300automne21\/wp-json\/wp\/v2\/categories?post=56"},{"taxonomy":"post_tag","embeddable":true,"href":"https:\/\/blogs.dickinson.edu\/fr300automne21\/wp-json\/wp\/v2\/tags?post=56"}],"curies":[{"name":"wp","href":"https:\/\/api.w.org\/{rel}","templated":true}]}}