{"id":70,"date":"2021-10-07T20:02:02","date_gmt":"2021-10-07T20:02:02","guid":{"rendered":"https:\/\/blogs.dickinson.edu\/fr300automne21\/?p=70"},"modified":"2021-10-07T20:03:37","modified_gmt":"2021-10-07T20:03:37","slug":"espace-personnel-dans-les-rues-de-france","status":"publish","type":"post","link":"https:\/\/blogs.dickinson.edu\/fr300automne21\/2021\/10\/07\/espace-personnel-dans-les-rues-de-france\/","title":{"rendered":"Espace personnel dans les rues de France"},"content":{"rendered":"<p><span style=\"font-weight: 400\">J&#8217;ai souvent remarqu\u00e9 que les Fran\u00e7ais ignorent que leur id\u00e9e d&#8217;espace personnel n&#8217;existe pas du tout. Ce manque d&#8217;espace et de proximit\u00e9 peut \u00eatre observ\u00e9 en marchant sur la route, en faisant la queue aux magasins, m\u00eame avec votre famille \u00e0 la maison. Je les ai tous exp\u00e9riment\u00e9s heureusement ! Je remarque que les Fran\u00e7ais sont indiff\u00e9rents et inconscients de l&#8217;espace des autres car plusieurs personnes ont march\u00e9 de tr\u00e8s pr\u00e8s derri\u00e8re moi au point o\u00f9 je peux entendre leur conversation ainsi que sentir leurs mains fr\u00f4ler les miennes. La m\u00eame id\u00e9e peut \u00eatre trouv\u00e9e dans votre \u00e9picerie locale en attendant de passer \u00e0 la caisse, malgr\u00e9 les lignes au sol qui marquent la bonne distance pour les personnes COVID ici, sont encore \u00e0 un pouce de lire toute ma conversation sur mon t\u00e9l\u00e9phone. Enfin, quand je suis \u00e0 la maison &#8211; quelque part o\u00f9 je suis cens\u00e9 \u00eatre \u00e0 l&#8217;aise &#8211; mon h\u00f4te regarde de pr\u00e8s par-dessus mon \u00e9paule pour surveiller ce que je mange.<\/span><\/p>\n<p><span style=\"font-weight: 400\">\u00a0<\/span><\/p>\n<p><span style=\"font-weight: 400\">COVID a caus\u00e9 tellement de panique, d\u2019inqui\u00e9tude et de maladie dans le monde entier. Avec cette maladie qui s&#8217;est multipli\u00e9e par trois, elle a heureusement donn\u00e9 \u00e0 chacun la possibilit\u00e9 de r\u00e9fl\u00e9chir \u00e0 ses habitudes d&#8217;insalubrit\u00e9 quotidiennes. Cette pand\u00e9mie a \u00e9galement enseign\u00e9 \u00e0 la plupart des Am\u00e9ricains l&#8217;espace personnel pour emp\u00eacher la propagation des bact\u00e9ries. Avec cette pand\u00e9mie mondiale toujours en cours, je pensais que les Fran\u00e7ais seraient encore plus s\u00e9rieux quant \u00e0 leur s\u00e9curit\u00e9, car l&#8217;Europe \u00e9tait la premi\u00e8re \u00e0 frapper fort. L&#8217;espace est la fa\u00e7on dont vous pouvez obtenir l&#8217;ind\u00e9pendance car il parle d&#8217;un certain niveau d&#8217;intimit\u00e9. Pour un Am\u00e9ricain, avoir de l&#8217;espace et de l&#8217;intimit\u00e9 fait partie int\u00e9grante de l&#8217;identit\u00e9 am\u00e9ricaine en tant que libert\u00e9. La vie priv\u00e9e d&#8217;un Am\u00e9ricain peut \u00eatre vue dans la d\u00e9pendance \u00e0 l&#8217;\u00e9gard de la voiture comme mode de transport principal.<\/span><\/p>\n<p>&nbsp;<\/p>\n<p><span style=\"font-weight: 400\"><img loading=\"lazy\" decoding=\"async\" class=\"alignnone size-medium wp-image-71\" src=\"http:\/\/blogs.dickinson.edu\/fr300automne21\/files\/2021\/10\/Screenshot-2021-10-07-at-10.00.38-PM-300x170.png\" alt=\"\" width=\"300\" height=\"170\" srcset=\"https:\/\/blogs.dickinson.edu\/fr300automne21\/files\/2021\/10\/Screenshot-2021-10-07-at-10.00.38-PM-300x170.png 300w, https:\/\/blogs.dickinson.edu\/fr300automne21\/files\/2021\/10\/Screenshot-2021-10-07-at-10.00.38-PM-1024x580.png 1024w, https:\/\/blogs.dickinson.edu\/fr300automne21\/files\/2021\/10\/Screenshot-2021-10-07-at-10.00.38-PM-768x435.png 768w, https:\/\/blogs.dickinson.edu\/fr300automne21\/files\/2021\/10\/Screenshot-2021-10-07-at-10.00.38-PM-1536x871.png 1536w, https:\/\/blogs.dickinson.edu\/fr300automne21\/files\/2021\/10\/Screenshot-2021-10-07-at-10.00.38-PM.png 1685w\" sizes=\"auto, (max-width: 300px) 100vw, 300px\" \/><\/span><\/p>\n<p>&nbsp;<\/p>\n<p><span style=\"font-weight: 400\">J&#8217;ai remarqu\u00e9 qu&#8217;un aspect important de la vie priv\u00e9e pour les Fran\u00e7ais sont des aspects de la vie comme la maison et la maison. Il semble que la pr\u00e9sence d&#8217;un corps ou d&#8217;un espace personnel ne soit pas consid\u00e9r\u00e9e comme ayant la m\u00eame importance. Ce sentiment d&#8217;intimit\u00e9 peut \u00eatre physiquement vu dans l&#8217;aspect de la maison et des immeubles d&#8217;appartements fran\u00e7ais typiques. Les maisons fran\u00e7aises, les immeubles, les \u00e9coles et les bureaux ont des volets sur chaque fen\u00eatre et m\u00eame sur certaines portes. Il semble que les Fran\u00e7ais consid\u00e8rent la maison comme un espace intime et personnel que seuls les amis proches ou la famille ont g\u00e9n\u00e9ralement l&#8217;invitation de voir \u00e0 l&#8217;int\u00e9rieur.<\/span><\/p>\n<p>&nbsp;<\/p>\n","protected":false},"excerpt":{"rendered":"<p>J&#8217;ai souvent remarqu\u00e9 que les Fran\u00e7ais ignorent que leur id\u00e9e d&#8217;espace personnel n&#8217;existe pas du tout. Ce manque d&#8217;espace et de proximit\u00e9 peut \u00eatre observ\u00e9 en marchant sur la route, en faisant la queue aux magasins, m\u00eame avec votre famille \u00e0 la maison. Je les ai tous exp\u00e9riment\u00e9s heureusement ! Je remarque que les Fran\u00e7ais [&hellip;]<\/p>\n","protected":false},"author":4236,"featured_media":0,"comment_status":"open","ping_status":"open","sticky":false,"template":"","format":"standard","meta":{"footnotes":""},"categories":[342993],"tags":[],"class_list":["post-70","post","type-post","status-publish","format-standard","hentry","category-7-octobre"],"_links":{"self":[{"href":"https:\/\/blogs.dickinson.edu\/fr300automne21\/wp-json\/wp\/v2\/posts\/70","targetHints":{"allow":["GET"]}}],"collection":[{"href":"https:\/\/blogs.dickinson.edu\/fr300automne21\/wp-json\/wp\/v2\/posts"}],"about":[{"href":"https:\/\/blogs.dickinson.edu\/fr300automne21\/wp-json\/wp\/v2\/types\/post"}],"author":[{"embeddable":true,"href":"https:\/\/blogs.dickinson.edu\/fr300automne21\/wp-json\/wp\/v2\/users\/4236"}],"replies":[{"embeddable":true,"href":"https:\/\/blogs.dickinson.edu\/fr300automne21\/wp-json\/wp\/v2\/comments?post=70"}],"version-history":[{"count":0,"href":"https:\/\/blogs.dickinson.edu\/fr300automne21\/wp-json\/wp\/v2\/posts\/70\/revisions"}],"wp:attachment":[{"href":"https:\/\/blogs.dickinson.edu\/fr300automne21\/wp-json\/wp\/v2\/media?parent=70"}],"wp:term":[{"taxonomy":"category","embeddable":true,"href":"https:\/\/blogs.dickinson.edu\/fr300automne21\/wp-json\/wp\/v2\/categories?post=70"},{"taxonomy":"post_tag","embeddable":true,"href":"https:\/\/blogs.dickinson.edu\/fr300automne21\/wp-json\/wp\/v2\/tags?post=70"}],"curies":[{"name":"wp","href":"https:\/\/api.w.org\/{rel}","templated":true}]}}