{"id":81,"date":"2021-10-08T13:17:55","date_gmt":"2021-10-08T13:17:55","guid":{"rendered":"https:\/\/blogs.dickinson.edu\/fr300automne21\/?p=81"},"modified":"2021-10-08T13:18:05","modified_gmt":"2021-10-08T13:18:05","slug":"les-adaptations-academiques","status":"publish","type":"post","link":"https:\/\/blogs.dickinson.edu\/fr300automne21\/2021\/10\/08\/les-adaptations-academiques\/","title":{"rendered":"Les Adaptations Acad\u00e9miques"},"content":{"rendered":"<p><span style=\"font-weight: 400\">Description<\/span><\/p>\n<p><span style=\"font-weight: 400\">Quand j&#8217;\u00e9tais aux \u00c9tats-Unis, je n&#8217;ai jamais pens\u00e9 aux difficult\u00e9s d&#8217;apprentissage et aux am\u00e9nagements dans les diff\u00e9rents pays. Depuis que je suis en France, j&#8217;en ai appris davantage sur le manque de flexibilit\u00e9 du syst\u00e8me \u00e9ducatif fran\u00e7ais que ce qui m&#8217;avait \u00e9t\u00e9 d\u00e9crit au lyc\u00e9e. En premier lieu, j&#8217;ai \u00e9t\u00e9 surprise par le manque d&#8217;am\u00e9nagements disponibles. Apr\u00e8s avoir rencontr\u00e9 l&#8217;administration de Dickinson, il semble que le centre soit en mesure de m&#8217;accueillir autant que les services d&#8217;h\u00e9bergement et d&#8217;aide aux personnes handicap\u00e9es (ADS) de Dickinson le pourraient, mais Sciences Po, l&#8217;universit\u00e9 o\u00f9 j&#8217;\u00e9tudie, travaille avec Dickinson, ou essentiellement en pliant leurs processus normaux en place, pour que je me sente \u00e0 l&#8217;aise et re\u00e7oive toutes les ressources auxquelles j&#8217;ai droit. Le premier examen de grammaire et de r\u00e9daction a \u00e9t\u00e9 une situation qui m&#8217;a perturb\u00e9e. Pour \u00eatre honn\u00eate, je n&#8217;ai pas pass\u00e9 d&#8217;examen dans une salle de classe avec d&#8217;autres \u00e9tudiants depuis mon arriv\u00e9e \u00e0 l&#8217;universit\u00e9, gr\u00e2ce aux services disponibles \u00e0 Dickinson. De plus, toutes les tables qui font office de bureaux \u00e9taient plac\u00e9es directement les unes \u00e0 c\u00f4t\u00e9 des autres. Pour quelqu&#8217;un qui a une courte capacit\u00e9 d&#8217;attention et qui a du mal \u00e0 se concentrer, mon rythme cardiaque a certainement fait un bond \u00e0 l&#8217;id\u00e9e de devoir s&#8217;asseoir directement \u00e0 c\u00f4t\u00e9 de quelqu&#8217;un pour passer un examen.<\/span><\/p>\n<p>&nbsp;<\/p>\n<p><img loading=\"lazy\" decoding=\"async\" class=\"alignnone size-medium wp-image-80\" src=\"http:\/\/blogs.dickinson.edu\/fr300automne21\/files\/2021\/10\/IMG_6261-225x300.jpg\" alt=\"\" width=\"225\" height=\"300\" srcset=\"https:\/\/blogs.dickinson.edu\/fr300automne21\/files\/2021\/10\/IMG_6261-225x300.jpg 225w, https:\/\/blogs.dickinson.edu\/fr300automne21\/files\/2021\/10\/IMG_6261-768x1024.jpg 768w, https:\/\/blogs.dickinson.edu\/fr300automne21\/files\/2021\/10\/IMG_6261-1152x1536.jpg 1152w, https:\/\/blogs.dickinson.edu\/fr300automne21\/files\/2021\/10\/IMG_6261-1536x2048.jpg 1536w, https:\/\/blogs.dickinson.edu\/fr300automne21\/files\/2021\/10\/IMG_6261-scaled.jpg 1920w\" sizes=\"auto, (max-width: 225px) 100vw, 225px\" \/><\/p>\n<p><span style=\"font-weight: 400\">Interpr\u00e9tation<\/span><\/p>\n<p><span style=\"font-weight: 400\">La plus grande explication que je peux donner pour le manque des am\u00e9nagements d&#8217;apprentissage dans mon universit\u00e9 fran\u00e7aise est due au message de la France et \u00e0 son nationalisme. Tout au long du lyc\u00e9e et de l&#8217;universit\u00e9, on m&#8217;a appris que la soci\u00e9t\u00e9 fran\u00e7aise essaie \u00e9galement de prosp\u00e9rer gr\u00e2ce \u00e0 son uniformit\u00e9 et donc au soutien collectif de la France en tant que pays, mais aussi en tant qu&#8217;institution. Je pense que le fait de souffrir d&#8217;un handicap ou d&#8217;avoir besoin d&#8217;am\u00e9nagements est encombrant pour la plupart des administrations, mais lorsqu&#8217;il y a une notion de &#8220;moins que&#8221; derri\u00e8re le message, la probabilit\u00e9 que les personnes dans le besoin soient reconnues ou qu&#8217;elles tendent la main est beaucoup plus faible. Une autre interpr\u00e9tation de cette exp\u00e9rience serait que les \u00c9tats-Unis sont v\u00e9ritablement un pays d&#8217;acc\u00e8s et d&#8217;exc\u00e8s. Une situation comme celle-ci, o\u00f9 les diff\u00e9rences d&#8217;acc\u00e8s aux am\u00e9nagements p\u00e9dagogiques apparaissent au grand jour, m&#8217;a permis de voir que des choses qui semblent quelque peu minimes ou attendues aux \u00c9tats-Unis sont compl\u00e8tement inou\u00efes et culturellement offensive dans des pays o\u00f9 les diff\u00e9rences sont encourag\u00e9es de mani\u00e8re aussi significative.\u00a0<\/span><\/p>\n<p><span style=\"font-weight: 400\">\u00c9valuation\u00a0<\/span><\/p>\n<p><span style=\"font-weight: 400\">Gr\u00e2ce \u00e0 cette exp\u00e9rience, j&#8217;ai appris que j&#8217;appr\u00e9cie beaucoup plus mes ressources acad\u00e9miques aux \u00c9tats-Unis. Je pense que si une personne de langue maternelle fran\u00e7aise avait une opinion tr\u00e8s int\u00e9ressante, peut-\u00eatre une opinion n\u00e9gative de mes am\u00e9nagements. En effet, apr\u00e8s une semi-longue conversation avec l\u2019un de mes professeurs de Toulouse, il y a toujours une certaine confusion quant \u00e0 la raison pour laquelle j&#8217;ai besoin de certains am\u00e9nagements.\u00a0<\/span><\/p>\n","protected":false},"excerpt":{"rendered":"<p>Description Quand j&#8217;\u00e9tais aux \u00c9tats-Unis, je n&#8217;ai jamais pens\u00e9 aux difficult\u00e9s d&#8217;apprentissage et aux am\u00e9nagements dans les diff\u00e9rents pays. Depuis que je suis en France, j&#8217;en ai appris davantage sur le manque de flexibilit\u00e9 du syst\u00e8me \u00e9ducatif fran\u00e7ais que ce qui m&#8217;avait \u00e9t\u00e9 d\u00e9crit au lyc\u00e9e. En premier lieu, j&#8217;ai \u00e9t\u00e9 surprise par le manque [&hellip;]<\/p>\n","protected":false},"author":4800,"featured_media":0,"comment_status":"open","ping_status":"open","sticky":false,"template":"","format":"standard","meta":{"footnotes":""},"categories":[342993],"tags":[],"class_list":["post-81","post","type-post","status-publish","format-standard","hentry","category-7-octobre"],"_links":{"self":[{"href":"https:\/\/blogs.dickinson.edu\/fr300automne21\/wp-json\/wp\/v2\/posts\/81","targetHints":{"allow":["GET"]}}],"collection":[{"href":"https:\/\/blogs.dickinson.edu\/fr300automne21\/wp-json\/wp\/v2\/posts"}],"about":[{"href":"https:\/\/blogs.dickinson.edu\/fr300automne21\/wp-json\/wp\/v2\/types\/post"}],"author":[{"embeddable":true,"href":"https:\/\/blogs.dickinson.edu\/fr300automne21\/wp-json\/wp\/v2\/users\/4800"}],"replies":[{"embeddable":true,"href":"https:\/\/blogs.dickinson.edu\/fr300automne21\/wp-json\/wp\/v2\/comments?post=81"}],"version-history":[{"count":0,"href":"https:\/\/blogs.dickinson.edu\/fr300automne21\/wp-json\/wp\/v2\/posts\/81\/revisions"}],"wp:attachment":[{"href":"https:\/\/blogs.dickinson.edu\/fr300automne21\/wp-json\/wp\/v2\/media?parent=81"}],"wp:term":[{"taxonomy":"category","embeddable":true,"href":"https:\/\/blogs.dickinson.edu\/fr300automne21\/wp-json\/wp\/v2\/categories?post=81"},{"taxonomy":"post_tag","embeddable":true,"href":"https:\/\/blogs.dickinson.edu\/fr300automne21\/wp-json\/wp\/v2\/tags?post=81"}],"curies":[{"name":"wp","href":"https:\/\/api.w.org\/{rel}","templated":true}]}}