{"id":118,"date":"2025-02-05T00:58:15","date_gmt":"2025-02-05T00:58:15","guid":{"rendered":"https:\/\/blogs.dickinson.edu\/german102-spring-2025\/?p=118"},"modified":"2025-02-05T00:58:47","modified_gmt":"2025-02-05T00:58:47","slug":"em-segal-2-4-2024","status":"publish","type":"post","link":"https:\/\/blogs.dickinson.edu\/german102-spring-2025\/2025\/02\/05\/em-segal-2-4-2024\/","title":{"rendered":"Em Segal 2\/4\/2025"},"content":{"rendered":"<p>Preu<span role=\"tooltip\"><span class=\"c5aZPb\" role=\"button\" data-enable-toggle-animation=\"true\" data-extra-container-classes=\"ZLo7Eb\" data-hover-hide-delay=\"1000\" data-hover-open-delay=\"500\" data-send-open-event=\"true\" data-theme=\"0\" data-width=\"250\" data-ved=\"2ahUKEwjVmsHwpKuLAxURAHkGHZWUMJgQmpgGegQIHRAD\"><span class=\"JPfdse\" data-bubble-link=\"\" data-segment-text=\"\u00df\">\u00dfen hatten Norden Deutschland in 1866. \u00d6sterreich wollte Gro\u00dfdeutschland. Preu\u00dfen und Deutschland verbandet in 1870. Deutsche Kaiserreich war erste Deutschland. Deutschland war Mittelm\u00e4chte in Erster Weltkrieg. Ich m\u00f6chte studiere in Deutschland. Ich m\u00f6chte die St\u00e4dte sehen.<\/span><\/span><\/span><\/p>\n","protected":false},"excerpt":{"rendered":"<p>Preu\u00dfen hatten Norden Deutschland in 1866. \u00d6sterreich wollte Gro\u00dfdeutschland. Preu\u00dfen und Deutschland verbandet in 1870. Deutsche Kaiserreich war erste Deutschland. Deutschland war Mittelm\u00e4chte in Erster Weltkrieg. Ich m\u00f6chte studiere in Deutschland. Ich m\u00f6chte die St\u00e4dte sehen.<\/p>\n","protected":false},"author":5582,"featured_media":0,"comment_status":"open","ping_status":"open","sticky":false,"template":"","format":"standard","meta":{"footnotes":""},"categories":[1],"tags":[],"class_list":["post-118","post","type-post","status-publish","format-standard","hentry","category-uncategorized"],"_links":{"self":[{"href":"https:\/\/blogs.dickinson.edu\/german102-spring-2025\/wp-json\/wp\/v2\/posts\/118","targetHints":{"allow":["GET"]}}],"collection":[{"href":"https:\/\/blogs.dickinson.edu\/german102-spring-2025\/wp-json\/wp\/v2\/posts"}],"about":[{"href":"https:\/\/blogs.dickinson.edu\/german102-spring-2025\/wp-json\/wp\/v2\/types\/post"}],"author":[{"embeddable":true,"href":"https:\/\/blogs.dickinson.edu\/german102-spring-2025\/wp-json\/wp\/v2\/users\/5582"}],"replies":[{"embeddable":true,"href":"https:\/\/blogs.dickinson.edu\/german102-spring-2025\/wp-json\/wp\/v2\/comments?post=118"}],"version-history":[{"count":0,"href":"https:\/\/blogs.dickinson.edu\/german102-spring-2025\/wp-json\/wp\/v2\/posts\/118\/revisions"}],"wp:attachment":[{"href":"https:\/\/blogs.dickinson.edu\/german102-spring-2025\/wp-json\/wp\/v2\/media?parent=118"}],"wp:term":[{"taxonomy":"category","embeddable":true,"href":"https:\/\/blogs.dickinson.edu\/german102-spring-2025\/wp-json\/wp\/v2\/categories?post=118"},{"taxonomy":"post_tag","embeddable":true,"href":"https:\/\/blogs.dickinson.edu\/german102-spring-2025\/wp-json\/wp\/v2\/tags?post=118"}],"curies":[{"name":"wp","href":"https:\/\/api.w.org\/{rel}","templated":true}]}}