{"id":274,"date":"2023-10-31T23:58:20","date_gmt":"2023-11-01T03:58:20","guid":{"rendered":"https:\/\/blogs.dickinson.edu\/spanishgastronomy-fall-2023\/?p=274"},"modified":"2023-11-07T21:58:10","modified_gmt":"2023-11-08T02:58:10","slug":"blog-4-tradiciones","status":"publish","type":"post","link":"https:\/\/blogs.dickinson.edu\/spanishgastronomy-fall-2023\/2023\/10\/31\/blog-4-tradiciones\/","title":{"rendered":"Blog 4 &#8211; Tradiciones"},"content":{"rendered":"<p style=\"font-weight: 400\">Una tradici\u00f3n que me llamo m\u00e1s la atenci\u00f3n en <em>Como Agua Para Chocolate <\/em>es de seguir y escuchar los que dicen sus padres sin ser rebeldes. En algunas culturas crecemos desde ni\u00f1os de siempre escuchar nuestros padres y los padres tienen la habilidad de \u201cdisciplinar\u201d sus hijos. En <em>Como Agua Para Chocolate <\/em>vemos que Mam\u00e1 Elena controla las vidas de sus hijas, especialmente la vida de Tita, como es el menor en su familia. Las hijas no tienen permiso de negar los que dicen sus padres. Podemos ver este asunto cuando hablamos de que Mam\u00e1 Elena no dejaba Tita casarse con Pedro.<\/p>\n<p style=\"font-weight: 400\">Cuando Pedro quer\u00eda pedir la mano de Tita, Mam\u00e1 Elena dijo que no puede casarse con nadie porque ten\u00eda que cuidarla hasta su muerte. Despu\u00e9s, Tita sent\u00eda que ten\u00eda que expresar sus opiniones por primera vez en su vida, pero la madre la rechaza. Mam\u00e1 Elena dijo, \u201c\u00a1T\u00fa no opinas nada y se acab\u00f3! Nunca, por generaciones, nadie en mi familia ha protestado ante esta costumbre y no va a ser una de mis hijas quien lo haga\u201d (Esquivel, 3). En otras palabras, la narradora dice que era <em>la primera vez<\/em> de que Tita expresaba sus opiniones. Este se puede interpretar que, desde ni\u00f1a, Tita no pod\u00eda negar lo que dice su madre y solo seguir las palabras de Mam\u00e1 Elena. Es como si Mam\u00e1 Elena controla la vida de Tita, y, en consecuencia, es dif\u00edcil para Tita de encontrar su identidad y decidir de su vida sin que Mam\u00e1 Elena la controla. Adem\u00e1s, Mam\u00e1 Elena dijo a Pedro que se puede casar con Rosaura, pero no vemos que Rosaura contribuye en esta decisi\u00f3n. Es como si Mam\u00e1 Elena la \u201cofreci\u00f3\u201d a Pedro como un matrimonio arreglado.<\/p>\n<p style=\"font-weight: 400\">Es muy triste de escuchar cuando Tita estaba haciendo la maleta de Gertrudis, Tita menciona \u201clas palizas, los rega\u00f1os de Mam\u00e1 Elena\u201d (21). Me hace pensar que, si sus hijas no escucharon a su madre, Mam\u00e1 Elena lo pegan. Tambi\u00e9n cuando leeremos luego en los cap\u00edtulos, ves que Mam\u00e1 Elena siempre rega\u00f1a a Tita cuando hice algo incorrecto o la pega cuando Tita est\u00e1 en rebelde. Por muchas generaciones, es dif\u00edcil para las nuevas generaciones de vencer la tradici\u00f3n de escuchar y respectar sus padres, aunque dicen o hagan algo que est\u00e1 en contra. \u00bfC\u00f3mo podemos de romper est\u00e1 tradici\u00f3n (si est\u00e1 da\u00f1ando los ni\u00f1os) para que los ni\u00f1os y jovenes pueden de controlar sus vidas en sus maneras y decisiones, al respecto de la cultura?<\/p>\n<p style=\"font-weight: 400\"><strong>Vocabulario:<\/strong><\/p>\n<p style=\"font-weight: 400\">Rebeldes \u2013 rebellious<\/p>\n<p style=\"font-weight: 400\">Habilidad \u2013 ability<\/p>\n<p style=\"font-weight: 400\">Rechaza \u2013 reject<\/p>\n<p style=\"font-weight: 400\">Palizas \u2013 beating<\/p>\n<p style=\"font-weight: 400\">Negar \u2013 deny<\/p>\n<p style=\"font-weight: 400\">Vencer \u2013 overcome<\/p>\n<p style=\"font-weight: 400\"><strong><img loading=\"lazy\" decoding=\"async\" class=\"alignnone size-medium wp-image-282\" src=\"https:\/\/blogs.dickinson.edu\/spanishgastronomy-fall-2023\/files\/2023\/10\/PJ-BS928_WORKFA_GR_20140128172745-300x196.jpg\" alt=\"\" width=\"300\" height=\"196\" srcset=\"https:\/\/blogs.dickinson.edu\/spanishgastronomy-fall-2023\/files\/2023\/10\/PJ-BS928_WORKFA_GR_20140128172745-300x196.jpg 300w, https:\/\/blogs.dickinson.edu\/spanishgastronomy-fall-2023\/files\/2023\/10\/PJ-BS928_WORKFA_GR_20140128172745-1024x668.jpg 1024w, https:\/\/blogs.dickinson.edu\/spanishgastronomy-fall-2023\/files\/2023\/10\/PJ-BS928_WORKFA_GR_20140128172745-768x501.jpg 768w, https:\/\/blogs.dickinson.edu\/spanishgastronomy-fall-2023\/files\/2023\/10\/PJ-BS928_WORKFA_GR_20140128172745.jpg 1242w\" sizes=\"auto, (max-width: 300px) 100vw, 300px\" \/><\/strong><\/p>\n<p style=\"font-weight: 400\"><strong>Fuentes:<\/strong><\/p>\n<p style=\"font-weight: 400\">Esquivel, L. <em>Como Agua Para Chocolate. <\/em>Vintage Espanol, 1998. https:\/\/www.secst.cl\/upfiles\/documentos\/04042016_851pm_5703283da4e3b.pdf (copia electr\u00f3nico)<\/p>\n<p>Neubecker, Robert. <em>Talking to your child after you yell, <\/em>\u00a02014, &lt;https:\/\/www.wsj.com\/articles\/talking-to-your-child-after-you-yell-1390954159&gt; . Accessed 31 Oct. 2023. (imagen)<\/p>\n","protected":false},"excerpt":{"rendered":"<p>Una tradici\u00f3n que me llamo m\u00e1s la atenci\u00f3n en Como Agua Para Chocolate es de seguir y escuchar los que dicen sus padres sin ser rebeldes. En algunas culturas crecemos desde ni\u00f1os de siempre escuchar nuestros padres y los padres tienen la habilidad de \u201cdisciplinar\u201d sus hijos. En Como Agua Para Chocolate vemos que Mam\u00e1 &hellip; <\/p>\n<p class=\"link-more\"><a href=\"https:\/\/blogs.dickinson.edu\/spanishgastronomy-fall-2023\/2023\/10\/31\/blog-4-tradiciones\/\" class=\"more-link\">Continue reading<span class=\"screen-reader-text\"> &#8220;Blog 4 &#8211; Tradiciones&#8221;<\/span><\/a><\/p>\n","protected":false},"author":5261,"featured_media":0,"comment_status":"open","ping_status":"open","sticky":false,"template":"","format":"standard","meta":{"footnotes":""},"categories":[5],"tags":[],"class_list":["post-274","post","type-post","status-publish","format-standard","hentry","category-blog-4"],"_links":{"self":[{"href":"https:\/\/blogs.dickinson.edu\/spanishgastronomy-fall-2023\/wp-json\/wp\/v2\/posts\/274","targetHints":{"allow":["GET"]}}],"collection":[{"href":"https:\/\/blogs.dickinson.edu\/spanishgastronomy-fall-2023\/wp-json\/wp\/v2\/posts"}],"about":[{"href":"https:\/\/blogs.dickinson.edu\/spanishgastronomy-fall-2023\/wp-json\/wp\/v2\/types\/post"}],"author":[{"embeddable":true,"href":"https:\/\/blogs.dickinson.edu\/spanishgastronomy-fall-2023\/wp-json\/wp\/v2\/users\/5261"}],"replies":[{"embeddable":true,"href":"https:\/\/blogs.dickinson.edu\/spanishgastronomy-fall-2023\/wp-json\/wp\/v2\/comments?post=274"}],"version-history":[{"count":0,"href":"https:\/\/blogs.dickinson.edu\/spanishgastronomy-fall-2023\/wp-json\/wp\/v2\/posts\/274\/revisions"}],"wp:attachment":[{"href":"https:\/\/blogs.dickinson.edu\/spanishgastronomy-fall-2023\/wp-json\/wp\/v2\/media?parent=274"}],"wp:term":[{"taxonomy":"category","embeddable":true,"href":"https:\/\/blogs.dickinson.edu\/spanishgastronomy-fall-2023\/wp-json\/wp\/v2\/categories?post=274"},{"taxonomy":"post_tag","embeddable":true,"href":"https:\/\/blogs.dickinson.edu\/spanishgastronomy-fall-2023\/wp-json\/wp\/v2\/tags?post=274"}],"curies":[{"name":"wp","href":"https:\/\/api.w.org\/{rel}","templated":true}]}}