{"id":311,"date":"2023-11-07T20:44:47","date_gmt":"2023-11-08T01:44:47","guid":{"rendered":"https:\/\/blogs.dickinson.edu\/spanishgastronomy-fall-2023\/?p=311"},"modified":"2023-11-07T20:44:47","modified_gmt":"2023-11-08T01:44:47","slug":"la-capacidad-fisica-de-los-espiritus","status":"publish","type":"post","link":"https:\/\/blogs.dickinson.edu\/spanishgastronomy-fall-2023\/2023\/11\/07\/la-capacidad-fisica-de-los-espiritus\/","title":{"rendered":"La capacidad f\u00edsica de los esp\u00edritus"},"content":{"rendered":"<p>Becca Brown<\/p>\n<p>7 de noviembre<\/p>\n<p>Blog #5<\/p>\n<p>En casi toda la novela, hay instancias de realismo m\u00e1gico que impactan los eventos y sentimientos para las caricaturas. Me interesan c\u00f3mo el realismo m\u00e1gico es simplemente aceptado por los personajes y, por lo tanto, es una parta intr\u00ednseca de la novela. Bas\u00e1ndome en el hecho de que el esp\u00edritu de Mam\u00e1 Elena visita a Tita varias veces, quiero dirigir mi atenci\u00f3n al realismo m\u00e1gico de su esp\u00edritu y sus capacidades fiscales. M\u00e1s espec\u00edficamente, quiero <u>destacar<\/u> dos momentos en que el esp\u00edritu de Mam\u00e1 Elena ten\u00eda influencia f\u00edsica a Tita y a Pedro.<\/p>\n<p>El primero momento empieza cuando Tita estaba en la cocina. El esp\u00edritu de Mam\u00e1 Elena vino como una \u201cfuerte r\u00e1faga de viento\u201d y afecta Tita como \u201cun fr\u00edo helado (que) la invadiera\u201d (173, Esquivel). Despu\u00e9s de ella lleg\u00f3, inmediatamente comienza a <u>reprender<\/u> a Tita, tanto con sus palabras como con su mirada. El solo hecho de mirar la forma en que aparece el esp\u00edritu de Mam\u00e1 Elena nos dice mucho sobre su presencia, describi\u00e9ndola literalmente como una presencia fr\u00eda, que manifiesta malestar f\u00edsico y <u>escalofr\u00edos<\/u> inconsolables en Tita. Esto refleja la actitud fr\u00eda y amarga que Mam\u00e1 Elena mostraba hacia Tita, as\u00ed como los sentimientos fr\u00edos y amargos de Tita y los recuerdos de su madre.\u00a0Esto es importante porque lo representaba c\u00f3mo la presencia de Mam\u00e1 Elena todav\u00eda afecta y influye a Tita, incluso despu\u00e9s de su muerte.<\/p>\n<p>En cap\u00edtulo 10, octubre, hay un momento fundamental d\u00f3nde Mam\u00e1 Elena visit\u00f3 otra vez para expresar su enojo con Tita. Aqu\u00ed, Tita dijo a su mam\u00e1 \u201c\u00a1la odio, siempre la odi\u00e9\u201d (200, Esquivel). Con esas palabras, el esp\u00edritu de Mam\u00e1 Elena se convirti\u00f3 en una bola de fuego, sali\u00f3 por la ventana, <u>se estrell\u00f3<\/u> contra una l\u00e1mpara y se pone Pedro en flamas. Esta situaci\u00f3n me parece muy fascinante debido a la forma en que el esp\u00edritu de Mam\u00e1 Elena fue influenciado por las palabras de Tita. Nunca antes las palabras de Tita hab\u00edan tenido poder, pero en este caso, ten\u00edan el poder de <u>desalojar<\/u> a Mam\u00e1 Elena de su vida de una vez por todas. Adem\u00e1s, la forma en que el esp\u00edritu prede fuego al cuerpo de Pedro es interesante porque demuestra, una vez m\u00e1s, el poder f\u00edsico \/ impacto que un esp\u00edritu puede tener en el reino f\u00edsico\u2026 al menos seg\u00fan los conceptos del realismo m\u00e1gico. La quema del cuerpo de Pedro tambi\u00e9n es interesante porque rompe el patr\u00f3n de Mam\u00e1 Elena infligiendo dolor o malestar a Tita. Con Pedro herido esta vez, casi tiene m\u00e1s sentido ya que Mam\u00e1 Elena deber\u00eda a ver dirigido su ira hacia \u00e9l en primer lugar, ya que Tita no tuvo tanta influencia en las relaciones entre ella y Pedro. Despu\u00e9s de leer esta escena, \u00bfcrees que esta fue la manera de Mam\u00e1 Elena finalmente descarg\u00f3 su ira contra Pedro o es solo una coincidencia que se quemara por la explosi\u00f3n de la lampara?<\/p>\n<p><img loading=\"lazy\" decoding=\"async\" class=\"size-medium wp-image-315 aligncenter\" src=\"https:\/\/blogs.dickinson.edu\/spanishgastronomy-fall-2023\/files\/2023\/11\/240_F_230961305_nJHsuZUSfJgqj6FLXQeyJfadk2PfyTmb-300x159.jpg\" alt=\"\" width=\"300\" height=\"159\" srcset=\"https:\/\/blogs.dickinson.edu\/spanishgastronomy-fall-2023\/files\/2023\/11\/240_F_230961305_nJHsuZUSfJgqj6FLXQeyJfadk2PfyTmb-300x159.jpg 300w, https:\/\/blogs.dickinson.edu\/spanishgastronomy-fall-2023\/files\/2023\/11\/240_F_230961305_nJHsuZUSfJgqj6FLXQeyJfadk2PfyTmb.jpg 453w\" sizes=\"auto, (max-width: 300px) 100vw, 300px\" \/><\/p>\n<p>&nbsp;<\/p>\n<p>&nbsp;<\/p>\n<p><span style=\"text-decoration: underline\">Nuevo L\u00e9xico<\/span><\/p>\n<p>Destacar- to emphasize<\/p>\n<p>Reprender- to reprimand<\/p>\n<p>Escalofr\u00edos- chills\/ chilliness<\/p>\n<p>&nbsp;<\/p>\n<p>Desalojar- to evict\/ clear out\/ remove<\/p>\n<p>Estrellar- to crash (into)<\/p>\n<p>&nbsp;<\/p>\n<p>Fuente:<\/p>\n<p>Esquivel, Laura. <em>Como agua para chocolate<\/em>. Nueva York, Vintage\u00a0 \u00a0 \u00a0 \u00a0 \u00a0 \u00a0 \u00a0 \u00a0 \u00a0 \u00a0 \u00a0Espa\u00f1ol, 1989.<\/p>\n<p>Misha.\u00a0<em>Fireball isolated on black background.\u00a0<\/em>Adobe Stock. Accedido\u00a0 \u00a0 \u00a0 \u00a0 \u00a0 \u00a0 \u00a0el 7 de novibiembre, 2023.<\/p>\n<p>&nbsp;<\/p>\n","protected":false},"excerpt":{"rendered":"<p>Becca Brown 7 de noviembre Blog #5 En casi toda la novela, hay instancias de realismo m\u00e1gico que impactan los eventos y sentimientos para las caricaturas. Me interesan c\u00f3mo el realismo m\u00e1gico es simplemente aceptado por los personajes y, por lo tanto, es una parta intr\u00ednseca de la novela. Bas\u00e1ndome en el hecho de que &hellip; <\/p>\n<p class=\"link-more\"><a href=\"https:\/\/blogs.dickinson.edu\/spanishgastronomy-fall-2023\/2023\/11\/07\/la-capacidad-fisica-de-los-espiritus\/\" class=\"more-link\">Continue reading<span class=\"screen-reader-text\"> &#8220;La capacidad f\u00edsica de los esp\u00edritus&#8221;<\/span><\/a><\/p>\n","protected":false},"author":4664,"featured_media":0,"comment_status":"open","ping_status":"open","sticky":false,"template":"","format":"standard","meta":{"footnotes":""},"categories":[6],"tags":[],"class_list":["post-311","post","type-post","status-publish","format-standard","hentry","category-blog-5"],"_links":{"self":[{"href":"https:\/\/blogs.dickinson.edu\/spanishgastronomy-fall-2023\/wp-json\/wp\/v2\/posts\/311","targetHints":{"allow":["GET"]}}],"collection":[{"href":"https:\/\/blogs.dickinson.edu\/spanishgastronomy-fall-2023\/wp-json\/wp\/v2\/posts"}],"about":[{"href":"https:\/\/blogs.dickinson.edu\/spanishgastronomy-fall-2023\/wp-json\/wp\/v2\/types\/post"}],"author":[{"embeddable":true,"href":"https:\/\/blogs.dickinson.edu\/spanishgastronomy-fall-2023\/wp-json\/wp\/v2\/users\/4664"}],"replies":[{"embeddable":true,"href":"https:\/\/blogs.dickinson.edu\/spanishgastronomy-fall-2023\/wp-json\/wp\/v2\/comments?post=311"}],"version-history":[{"count":0,"href":"https:\/\/blogs.dickinson.edu\/spanishgastronomy-fall-2023\/wp-json\/wp\/v2\/posts\/311\/revisions"}],"wp:attachment":[{"href":"https:\/\/blogs.dickinson.edu\/spanishgastronomy-fall-2023\/wp-json\/wp\/v2\/media?parent=311"}],"wp:term":[{"taxonomy":"category","embeddable":true,"href":"https:\/\/blogs.dickinson.edu\/spanishgastronomy-fall-2023\/wp-json\/wp\/v2\/categories?post=311"},{"taxonomy":"post_tag","embeddable":true,"href":"https:\/\/blogs.dickinson.edu\/spanishgastronomy-fall-2023\/wp-json\/wp\/v2\/tags?post=311"}],"curies":[{"name":"wp","href":"https:\/\/api.w.org\/{rel}","templated":true}]}}