{"id":73,"date":"2023-09-14T19:39:58","date_gmt":"2023-09-14T23:39:58","guid":{"rendered":"https:\/\/blogs.dickinson.edu\/spanishgastronomy-fall-2023\/?p=73"},"modified":"2023-09-14T19:39:58","modified_gmt":"2023-09-14T23:39:58","slug":"luke-beiles","status":"publish","type":"post","link":"https:\/\/blogs.dickinson.edu\/spanishgastronomy-fall-2023\/2023\/09\/14\/luke-beiles\/","title":{"rendered":"Luke Beiles"},"content":{"rendered":"<p>Luke Beiles<\/p>\n<p>Professor Arnedo<\/p>\n<p>Spanish 231<\/p>\n<p>9\/11\/2023<\/p>\n<p style=\"text-align: center\">Blog 1 Luke Beiles \u2013 Los Sentidos y La Memor\u00eda<\/p>\n<p>Ha sido muy interesante leer la obra de Brillat-Savarin. Brillat-Savarin escribe con tanto detalle sobre los sentidos que lo que m\u00e1s me llam\u00f3 la atenci\u00f3n fue su manera de hablar del gusto. Escribe &#8220;Nos ultima con placeres, a fin de que reparemos las continuas perdidas resultantes de la accion vital&#8221;(Savarin). Me pareci\u00f3 una nueva perspectiva sobre c\u00f3mo pensar el gusto, algo que no hab\u00eda le\u00eddo antes de ning\u00fan otro autor.<\/p>\n<p>Un plato que disfruto mucho con mi familia es la ensalada caprese. Hacemos este plato como aperitivo con muchas comidas. Lo mejor es servirla con una carne a elegir, arroz y otra verdura si se quiere. Para m\u00ed, el sabor es la mejor parte del plato. El olor puede ser estupendo si hay albahaca fresca. El tomate y la mozzarella saben muy bien juntos. Hacer este plato es f\u00e1cil, lo hago mucho con mi hermano. Se empieza cortando el tomate y la mozzarella. Luego, m\u00e9zclalos todos en un bol con aceite de oliva y bals\u00e1mico. Para darle m\u00e1s sabor, a\u00f1ade un poco de albahaca fresca del jard\u00edn, sal y pimienta. Para que este plato est\u00e9 buen\u00edsimo, es importante que los ingredientes sean naturales. En mi casa, cultivamos tomates y albahaca en nuestro jard\u00edn. La mozzarella a veces es dif\u00edcil encontrarla fresca. Cuando vayas a la tienda, aseg\u00farate de comprobar la fecha de caducidad para que est\u00e9 fresca.<\/p>\n<p>\u00a1Recomiendo este plato a todo el mundo! Para mis compa\u00f1eros, quer\u00eda preguntarles qu\u00e9 servir\u00edan junto con una ensalada caprese.<\/p>\n<p>&nbsp;<\/p>\n<p>&nbsp;<\/p>\n<p><u>Nuevo L\u00e9xico <\/u><\/p>\n<ul>\n<li>Placeres \u2013 pleasures<\/li>\n<li>Albahaca \u2013 basil<\/li>\n<li>Cultivamos \u2013 we grow<\/li>\n<li>Jard\u00edn \u2013 garden<\/li>\n<li>Caducidad &#8211; expiration<\/li>\n<\/ul>\n<p>&nbsp;<\/p>\n<p>&nbsp;<\/p>\n<p>Works Cited<\/p>\n<p>Savarin, Brillat, and Brillat Savarin Jean Anthelme. <em>Fisiologi\u0301a Del Gusto O\u0301 Meditaciones de Gastronomi\u0301a Trascendental: Obra Teo\u0301rica, Histo\u0301rica Y A\u0301 La O\u0301rden Del Di\u0301a Dedicada A\u0301 Los Gastro\u0301nomos Parisienses<\/em>. A. Dura\u0301n, 1869.<\/p>\n","protected":false},"excerpt":{"rendered":"<p>Luke Beiles Professor Arnedo Spanish 231 9\/11\/2023 Blog 1 Luke Beiles \u2013 Los Sentidos y La Memor\u00eda Ha sido muy interesante leer la obra de Brillat-Savarin. Brillat-Savarin escribe con tanto detalle sobre los sentidos que lo que m\u00e1s me llam\u00f3 la atenci\u00f3n fue su manera de hablar del gusto. Escribe &#8220;Nos ultima con placeres, a &hellip; <\/p>\n<p class=\"link-more\"><a href=\"https:\/\/blogs.dickinson.edu\/spanishgastronomy-fall-2023\/2023\/09\/14\/luke-beiles\/\" class=\"more-link\">Continue reading<span class=\"screen-reader-text\"> &#8220;Luke Beiles&#8221;<\/span><\/a><\/p>\n","protected":false},"author":5258,"featured_media":0,"comment_status":"open","ping_status":"open","sticky":false,"template":"","format":"standard","meta":{"footnotes":""},"categories":[1],"tags":[],"class_list":["post-73","post","type-post","status-publish","format-standard","hentry","category-uncategorized"],"_links":{"self":[{"href":"https:\/\/blogs.dickinson.edu\/spanishgastronomy-fall-2023\/wp-json\/wp\/v2\/posts\/73","targetHints":{"allow":["GET"]}}],"collection":[{"href":"https:\/\/blogs.dickinson.edu\/spanishgastronomy-fall-2023\/wp-json\/wp\/v2\/posts"}],"about":[{"href":"https:\/\/blogs.dickinson.edu\/spanishgastronomy-fall-2023\/wp-json\/wp\/v2\/types\/post"}],"author":[{"embeddable":true,"href":"https:\/\/blogs.dickinson.edu\/spanishgastronomy-fall-2023\/wp-json\/wp\/v2\/users\/5258"}],"replies":[{"embeddable":true,"href":"https:\/\/blogs.dickinson.edu\/spanishgastronomy-fall-2023\/wp-json\/wp\/v2\/comments?post=73"}],"version-history":[{"count":0,"href":"https:\/\/blogs.dickinson.edu\/spanishgastronomy-fall-2023\/wp-json\/wp\/v2\/posts\/73\/revisions"}],"wp:attachment":[{"href":"https:\/\/blogs.dickinson.edu\/spanishgastronomy-fall-2023\/wp-json\/wp\/v2\/media?parent=73"}],"wp:term":[{"taxonomy":"category","embeddable":true,"href":"https:\/\/blogs.dickinson.edu\/spanishgastronomy-fall-2023\/wp-json\/wp\/v2\/categories?post=73"},{"taxonomy":"post_tag","embeddable":true,"href":"https:\/\/blogs.dickinson.edu\/spanishgastronomy-fall-2023\/wp-json\/wp\/v2\/tags?post=73"}],"curies":[{"name":"wp","href":"https:\/\/api.w.org\/{rel}","templated":true}]}}