{"id":78,"date":"2023-09-14T21:40:40","date_gmt":"2023-09-15T01:40:40","guid":{"rendered":"https:\/\/blogs.dickinson.edu\/spanishgastronomy-fall-2023\/?p=78"},"modified":"2023-11-07T20:22:13","modified_gmt":"2023-11-08T01:22:13","slug":"recuerdos-sobre-la-comida","status":"publish","type":"post","link":"https:\/\/blogs.dickinson.edu\/spanishgastronomy-fall-2023\/2023\/09\/14\/recuerdos-sobre-la-comida\/","title":{"rendered":"Recuerdos sobre la comida"},"content":{"rendered":"\r\n<p>Casi tres a\u00f1os despu\u00e9s de que sal\u00ed de Espa\u00f1a, visit\u00e9 a la familia con la que hab\u00eda vivido durante cuatro meses en 2019. Monica, qu\u00e9 es como mi madre espa\u00f1ola, hab\u00eda cocinado una tortilla espa\u00f1ola para la cena. Para m\u00ed, fue la primera vez en casi tres a\u00f1os que pod\u00eda comerlo. No la hacemos en Suecia. Monica hac\u00eda la tortilla con huevos, aceite de oliva, cebolla y patatas. <br \/>El recuerdo de ese plato es muy bueno, me siento muy feliz cuando lo pienso. El sentido m\u00e1s fuerte de la tortilla espa\u00f1ola es el olfato. Recuerdo el olor de la cocina cuando Monica estaba cocinando para nosotras. La tortilla es un plato saludable, para nuestros pero tambi\u00e9n para el planeta. Los ingredientes que usaba Monica eran de un pueblo cerca de Madrid y eran cultivados por los padres de Monica.<br \/>En \u201cFisiolog\u00eda del gusto o Meditaciones de gastronom\u00eda trascendental\u201d el autor Jean Anthelme Brillat Savarin habla sobre los sentidos y la importancia que tiene en relaci\u00f3n con la gastronom\u00eda. Los sentidos son la vista, el o\u00eddo, el olfato, el gusto y el tacto. \u00c9l escribe sobre los sentidos de una manera muy detallada e interesante. <br \/>Yo creo que la comida es algo que usualmente tiene mucha conexi\u00f3n emocional y tambi\u00e9n con los recuerdos de la vida. Para comer usamos todas los sentidos y por eso la comida tiene mucha importancia para los humanos. La comida es muy importante durante todas las parte de su vida, especialmente durante la infancia. La comida que come cuando es ni\u00f1o, va a recordar durante el resto de la vida. Tambi\u00e9n es importante para crecer y estar saludable. Mi pregunta para vosotros es \u00bfQu\u00e9 importancia tiene la comida para la infancia?<br \/><br \/>Suecia &#8211; Sweden<br \/>Sentidos &#8211; Senses<br \/>Pueblo &#8211; Village<br \/>Saludable &#8211; Healthy<br \/>Crecer &#8211; Grow up<br \/><br \/>Brillat-Savarin, Jean Anthelme. Fisiologi\u0301a Del Gusto O\u0301 Meditaciones de Gastronomi\u0301a Trascendental Obra Teo\u0301rica, Histo\u0301rica y A\u0301 La O\u0301rden Del Di\u0301a Dedicada A\u0301 Los Gastro\u0301nomos Parisienses. Librer\u00eda de Alfonso Dur\u00e1n, 1869.<\/p>\r\n","protected":false},"excerpt":{"rendered":"<p>Casi tres a\u00f1os despu\u00e9s de que sal\u00ed de Espa\u00f1a, visit\u00e9 a la familia con la que hab\u00eda vivido durante cuatro meses en 2019. Monica, qu\u00e9 es como mi madre espa\u00f1ola, hab\u00eda cocinado una tortilla espa\u00f1ola para la cena. Para m\u00ed, fue la primera vez en casi tres a\u00f1os que pod\u00eda comerlo. No la hacemos en &hellip; <\/p>\n<p class=\"link-more\"><a href=\"https:\/\/blogs.dickinson.edu\/spanishgastronomy-fall-2023\/2023\/09\/14\/recuerdos-sobre-la-comida\/\" class=\"more-link\">Continue reading<span class=\"screen-reader-text\"> &#8220;Recuerdos sobre la comida&#8221;<\/span><\/a><\/p>\n","protected":false},"author":5266,"featured_media":0,"comment_status":"open","ping_status":"open","sticky":false,"template":"","format":"standard","meta":{"footnotes":""},"categories":[2],"tags":[],"class_list":["post-78","post","type-post","status-publish","format-standard","hentry","category-descripcion"],"_links":{"self":[{"href":"https:\/\/blogs.dickinson.edu\/spanishgastronomy-fall-2023\/wp-json\/wp\/v2\/posts\/78","targetHints":{"allow":["GET"]}}],"collection":[{"href":"https:\/\/blogs.dickinson.edu\/spanishgastronomy-fall-2023\/wp-json\/wp\/v2\/posts"}],"about":[{"href":"https:\/\/blogs.dickinson.edu\/spanishgastronomy-fall-2023\/wp-json\/wp\/v2\/types\/post"}],"author":[{"embeddable":true,"href":"https:\/\/blogs.dickinson.edu\/spanishgastronomy-fall-2023\/wp-json\/wp\/v2\/users\/5266"}],"replies":[{"embeddable":true,"href":"https:\/\/blogs.dickinson.edu\/spanishgastronomy-fall-2023\/wp-json\/wp\/v2\/comments?post=78"}],"version-history":[{"count":0,"href":"https:\/\/blogs.dickinson.edu\/spanishgastronomy-fall-2023\/wp-json\/wp\/v2\/posts\/78\/revisions"}],"wp:attachment":[{"href":"https:\/\/blogs.dickinson.edu\/spanishgastronomy-fall-2023\/wp-json\/wp\/v2\/media?parent=78"}],"wp:term":[{"taxonomy":"category","embeddable":true,"href":"https:\/\/blogs.dickinson.edu\/spanishgastronomy-fall-2023\/wp-json\/wp\/v2\/categories?post=78"},{"taxonomy":"post_tag","embeddable":true,"href":"https:\/\/blogs.dickinson.edu\/spanishgastronomy-fall-2023\/wp-json\/wp\/v2\/tags?post=78"}],"curies":[{"name":"wp","href":"https:\/\/api.w.org\/{rel}","templated":true}]}}