{"id":209,"date":"2017-09-07T21:33:44","date_gmt":"2017-09-08T01:33:44","guid":{"rendered":"http:\/\/blogs.dickinson.edu\/spanishgastronomy2017\/?p=209"},"modified":"2017-09-07T21:46:55","modified_gmt":"2017-09-08T01:46:55","slug":"mi-cocina-familiar-9","status":"publish","type":"post","link":"https:\/\/blogs.dickinson.edu\/spanishgastronomy2017\/2017\/09\/07\/mi-cocina-familiar-9\/","title":{"rendered":"Mi cocina familiar"},"content":{"rendered":"<p>Izzy Smith<br \/>\nEspa\u00f1ol 231 \u2013 Gastron\u00f3mica<br \/>\nProfesora Arnedo<br \/>\n8 de septiembre<\/p>\n<p style=\"text-align: center\">Memorias de mi cocina<\/p>\n<p>Mi cocina familiar siempre ha sido un parte muy importante de mi vida. Mi mam\u00e1 cre\u00eda en comiendo sano y no cri\u00f3 as\u00ed. Mi familia consum\u00eda comida org\u00e1nico, principalmente, y compraba de supermercados y granjas locales. En los veranos, particip\u00e1bamos en un CSA donde recib\u00edamos una cesta de verduras y frutas cada semana. Mi familia cr\u00eda pollo, tambi\u00e9n, para huevos frescos, cada d\u00eda. Mi familia com\u00eda carne que era todo natural y alimentado con pasto. Nuestra \u201cmanera de comer\u201d era mejor para nuestros cuerpos y nuestros ambiente.<\/p>\n<p>Desde una ni\u00f1a, he aprendido a comer como una familia, cada comida. En la mesa, nunca us\u00e1bamos nuestros tel\u00e9fonos y siempre us\u00e1bamos nuestros modales por un tiempo de conversaci\u00f3n. Ante todo, mi mama cocinaba y mi papa limpiaba mientras mi hermana y yo despaj\u00e1bamos la mesa.\u00a0 De vez en cuando, mi familia cocinaba o horneaba a juntos.<\/p>\n<p>Mi mam\u00e1 era y sigue siendo una cocinera muy creativa y hace platos desde cero. \u00a1Su comida es excelente! Muchas veces, ella usa recetas pero ella las combina para hacer su propio. Mi mama no tiene miedo a concina otras tipas de comida como India, chino, alemana, thai, etc. \u00a1Extra\u00f1o comida casera cuando yo estoy en Dickinson!<\/p>\n<p>En nos libr\u00f3, Pla dice, \u201cSigue en pie la idea de que la cocina s\u00f3lo merece la pena cuando algo extraordinario\u2026 (32) \u201d Yo pienso que la cocina no necesita ser extraordinaria porque es especial para cada persona y una memoria de su concina familiar.\u00a0\u00bfQu\u00e9 es especial sobre tu concina familiar?<\/p>\n<p><img loading=\"lazy\" decoding=\"async\" class=\"size-full wp-image-243 aligncenter\" src=\"http:\/\/blogs.dickinson.edu\/spanishgastronomy2017\/files\/2017\/09\/BLOG-PIC-1.jpg\" alt=\"\" width=\"275\" height=\"183\" \/><\/p>\n<p>Obras citas:<br \/>\nPla, Josep. <em>Lo que hemos comido. <\/em>Austral: 2014.<br \/>\nRomero, Javier. \u201cSandwich de cocina familiar.\u201d <em>Found:<\/em> <em>Cocina familiar<\/em>, 2017. https:\/\/www.cocina-familiar.com\/sandwich-de-cocina-familiar.html<\/p>\n","protected":false},"excerpt":{"rendered":"<p>Izzy Smith Espa\u00f1ol 231 \u2013 Gastron\u00f3mica Profesora Arnedo 8 de septiembre Memorias de mi cocina Mi cocina familiar siempre ha sido un parte muy importante de mi vida. Mi mam\u00e1 cre\u00eda en comiendo sano y no cri\u00f3 as\u00ed. Mi familia &hellip; <a href=\"https:\/\/blogs.dickinson.edu\/spanishgastronomy2017\/2017\/09\/07\/mi-cocina-familiar-9\/\">Continue reading <span class=\"meta-nav\">&rarr;<\/span><\/a><\/p>\n","protected":false},"author":3577,"featured_media":0,"comment_status":"open","ping_status":"open","sticky":false,"template":"","format":"standard","meta":{"footnotes":""},"categories":[75385],"tags":[],"class_list":["post-209","post","type-post","status-publish","format-standard","hentry","category-blog-1"],"_links":{"self":[{"href":"https:\/\/blogs.dickinson.edu\/spanishgastronomy2017\/wp-json\/wp\/v2\/posts\/209","targetHints":{"allow":["GET"]}}],"collection":[{"href":"https:\/\/blogs.dickinson.edu\/spanishgastronomy2017\/wp-json\/wp\/v2\/posts"}],"about":[{"href":"https:\/\/blogs.dickinson.edu\/spanishgastronomy2017\/wp-json\/wp\/v2\/types\/post"}],"author":[{"embeddable":true,"href":"https:\/\/blogs.dickinson.edu\/spanishgastronomy2017\/wp-json\/wp\/v2\/users\/3577"}],"replies":[{"embeddable":true,"href":"https:\/\/blogs.dickinson.edu\/spanishgastronomy2017\/wp-json\/wp\/v2\/comments?post=209"}],"version-history":[{"count":0,"href":"https:\/\/blogs.dickinson.edu\/spanishgastronomy2017\/wp-json\/wp\/v2\/posts\/209\/revisions"}],"wp:attachment":[{"href":"https:\/\/blogs.dickinson.edu\/spanishgastronomy2017\/wp-json\/wp\/v2\/media?parent=209"}],"wp:term":[{"taxonomy":"category","embeddable":true,"href":"https:\/\/blogs.dickinson.edu\/spanishgastronomy2017\/wp-json\/wp\/v2\/categories?post=209"},{"taxonomy":"post_tag","embeddable":true,"href":"https:\/\/blogs.dickinson.edu\/spanishgastronomy2017\/wp-json\/wp\/v2\/tags?post=209"}],"curies":[{"name":"wp","href":"https:\/\/api.w.org\/{rel}","templated":true}]}}