{"id":211,"date":"2021-02-12T18:20:08","date_gmt":"2021-02-12T23:20:08","guid":{"rendered":"http:\/\/blogs.dickinson.edu\/spanishgastronomy2021\/?p=211"},"modified":"2021-02-12T19:28:45","modified_gmt":"2021-02-13T00:28:45","slug":"la-dualidad-de-la-cocina-la-alimentacion-es-individual-pero-tambien-une-a-la-gente-katie-chapis","status":"publish","type":"post","link":"https:\/\/blogs.dickinson.edu\/spanishgastronomy2021\/2021\/02\/12\/la-dualidad-de-la-cocina-la-alimentacion-es-individual-pero-tambien-une-a-la-gente-katie-chapis\/","title":{"rendered":"La dualidad de la cocina: La alimentaci\u00f3n es individual pero tambi\u00e9n une a la gente &#8211; Katie Chapis"},"content":{"rendered":"<p>Katie Chapis<\/p>\n<p>Asunci\u00f3n Arnedo<\/p>\n<p>SPAN 231-02<\/p>\n<p>12 de febrero del 2021<\/p>\n<p style=\"text-align: center\"><strong>La dualidad de la cocina: La alimentaci\u00f3n es individual pero tambi\u00e9n une a la gente<\/strong><\/p>\n<p>Ambos Mar\u00eda Mestayer y Gast\u00f3n Acurio escribieron sobre sus experiencias y conocimientos de la cocina y la alimentaci\u00f3n. Los dos son visionarios que tienen ideas profundas con respecto a la gastronom\u00eda. Despu\u00e9s de reflexionar y al combinar las ideas de los dos autores, me di cuenta de que hay una dualidad en la alimentaci\u00f3n. En su libro, <em>Historia de la gastronom\u00eda<\/em>, Mestayer describi\u00f3 sus predicciones sobre la cocina del futuro. Escribi\u00f3 que \u201cLa cocina del porvenir ser\u00e1 individual\u2026 \u00bfC\u00f3mo no se ha comprendido a\u00fan que es tan est\u00fapido el imponer los mismos alimentos a individuos cuyos est\u00f3magos, gustos, y organismos difieren\u2026?\u201d (Mestayer 43). Mestayer saca una buena pregunta a colaci\u00f3n. Cada persona tiene su propio gusto. Por lo tanto, la alimentaci\u00f3n es individual porque los alimentos que se cocinan dependen del gusto espec\u00edfico de una persona. Adem\u00e1s, aunque muchas culturas tienen los mismos alimentos b\u00e1sicos, como patatas y tomates, cada cultura tiene sus propios platos que son \u00fanicos. Por consiguiente, la cocina es individual y \u00fanica, como dijo Mar\u00eda Mestayer. La individualidad es s\u00f3lo una parte de la dualidad de la alimentaci\u00f3n y la cocina.<\/p>\n<p>Por otro lado, Gast\u00f3n Acurio menciona que la cocina puede reunir a las personas de culturas diferentes. En un TedTalk, Gast\u00f3n Acurio describi\u00f3 una situaci\u00f3n en la que dos personas de culturas distintas se casaron. En sus culturas diferentes, hab\u00eda comidas diferentes, y cada persona quer\u00eda cocinar con la comida de su cultura. Al final, llegaron a una soluci\u00f3n intermedia y \u201chacen el arroz en el wok pero a fuego lento. Y le echan un poquito de parmesano y un poquito de salsa de soja. Y dan vida a un nuevo plato: el arroz de mariscos del Per\u00fa, que tiene un poquito de los unos y un poquito de los otros, como todos los platos de nuestra cocina\u201d (Acurio 2:05). Este ejemplo destaca que la cocina ayuda con la unificaci\u00f3n de culturas diferentes porque cocinar puede ser colaborativo. De hecho, la cocina abraza la diversidad y permite la creaci\u00f3n de nuevos y deliciosos platos.<\/p>\n<p>Lo que me ha llamado atenci\u00f3n es que hay una dualidad de los alimentos. Los dos autores me muestran que la cocina, aunque individual, puede unir a la gente. La alimentaci\u00f3n es individual porque a cada persona le gustan las comidas diferentes, pero tambi\u00e9n puede combinar elementos de muchas culturas para crear platos. Pienso que esta idea de combinar recetas y tener colaboraci\u00f3n es muy importante para fomentar la creatividad y la aceptaci\u00f3n en el mundo. En conclusi\u00f3n, las lecturas y el video de Mar\u00eda Mestayer y Gast\u00f3n Acurio, respectivamente, me hicieron descubrir que la gastronom\u00eda abraza los gustos individuales y, al mismo tiempo, une diferentes culturas.<\/p>\n<p>\u00bfHay algunas comidas que come usted y que son una mezcla de dos culturas distintas? Si es as\u00ed, \u00bfqu\u00e9 comidas y cu\u00e1les son sus or\u00edgenes culturales?<\/p>\n<p><strong>Nuevo l\u00e9xico:<\/strong><\/p>\n<p>imponer &#8211; to impose<\/p>\n<p>sacar a colaci\u00f3n \u2013 to bring up<\/p>\n<p>unir \u2013 to unite<\/p>\n<p>abrazar \u2013 to embrace<\/p>\n<p>fomentar \u2013 to encourage<\/p>\n<p><strong>Obras citadas<\/strong><\/p>\n<p>Acurio, Gast\u00f3n. \u201c\u00bfComida casera puede cambiar el mundo?\u201d <em>TED: Ideas Worth Spreading<\/em>, April 2018, <a href=\"https:\/\/www.ted.com\/talks\/gaston_acurio_can_home_cooking_change_the_world\/up-next?referrer=playlist-itunes_podcasts_kids_family&amp;language=en\">https:\/\/www.ted.com\/talks\/gaston_acurio_can_home_cooking_change_the_world\/up-next?referrer=playlist-itunes_podcasts_kids_family&amp;language=en<\/a><\/p>\n<p>Echag\u00fce, Mar\u00eda Mestayer de. \u201cCap\u00edtulo 1: Estudios gastron\u00f3micos. Ensayos. La filosof\u00eda del comer (o de la Gastronom\u00eda). La comida y la civilizaci\u00f3n.\u201d <em>Historia de la gastronom\u00eda<\/em>, 1943, pp. 25\u201348.<\/p>\n<p><img loading=\"lazy\" decoding=\"async\" class=\"alignnone size-medium wp-image-212\" src=\"http:\/\/blogs.dickinson.edu\/spanishgastronomy2021\/files\/2021\/02\/arroz-con-mariscos-300x176.jpg\" alt=\"\" width=\"300\" height=\"176\" srcset=\"https:\/\/blogs.dickinson.edu\/spanishgastronomy2021\/files\/2021\/02\/arroz-con-mariscos-300x176.jpg 300w, https:\/\/blogs.dickinson.edu\/spanishgastronomy2021\/files\/2021\/02\/arroz-con-mariscos.jpg 596w\" sizes=\"auto, (max-width: 300px) 100vw, 300px\" \/><\/p>\n<p>Una foto de arroz con mariscos\u2014la comida que result\u00f3 de una soluci\u00f3n intermedia que menciona Gast\u00f3n Acurio en su discurso. <a href=\"https:\/\/larepublica.pe\/buenazo\/2020\/01\/17\/aprende-a-preparar-arroz-con-mariscos-comida-peruana-food-peruvian-buenazo\/\">https:\/\/larepublica.pe\/buenazo\/2020\/01\/17\/aprende-a-preparar-arroz-con-mariscos-comida-peruana-food-peruvian-buenazo\/<\/a><\/p>\n","protected":false},"excerpt":{"rendered":"<p>Katie Chapis Asunci\u00f3n Arnedo SPAN 231-02 12 de febrero del 2021 La dualidad de la cocina: La alimentaci\u00f3n es individual pero tambi\u00e9n une a la gente Ambos Mar\u00eda Mestayer y Gast\u00f3n Acurio escribieron sobre sus experiencias y conocimientos de la cocina y la alimentaci\u00f3n. Los dos son visionarios que tienen ideas profundas con respecto a [&hellip;]<\/p>\n","protected":false},"author":4520,"featured_media":0,"comment_status":"open","ping_status":"open","sticky":false,"template":"","format":"standard","meta":{"footnotes":""},"categories":[75386],"tags":[],"class_list":["post-211","post","type-post","status-publish","format-standard","hentry","category-blog-2"],"_links":{"self":[{"href":"https:\/\/blogs.dickinson.edu\/spanishgastronomy2021\/wp-json\/wp\/v2\/posts\/211","targetHints":{"allow":["GET"]}}],"collection":[{"href":"https:\/\/blogs.dickinson.edu\/spanishgastronomy2021\/wp-json\/wp\/v2\/posts"}],"about":[{"href":"https:\/\/blogs.dickinson.edu\/spanishgastronomy2021\/wp-json\/wp\/v2\/types\/post"}],"author":[{"embeddable":true,"href":"https:\/\/blogs.dickinson.edu\/spanishgastronomy2021\/wp-json\/wp\/v2\/users\/4520"}],"replies":[{"embeddable":true,"href":"https:\/\/blogs.dickinson.edu\/spanishgastronomy2021\/wp-json\/wp\/v2\/comments?post=211"}],"version-history":[{"count":0,"href":"https:\/\/blogs.dickinson.edu\/spanishgastronomy2021\/wp-json\/wp\/v2\/posts\/211\/revisions"}],"wp:attachment":[{"href":"https:\/\/blogs.dickinson.edu\/spanishgastronomy2021\/wp-json\/wp\/v2\/media?parent=211"}],"wp:term":[{"taxonomy":"category","embeddable":true,"href":"https:\/\/blogs.dickinson.edu\/spanishgastronomy2021\/wp-json\/wp\/v2\/categories?post=211"},{"taxonomy":"post_tag","embeddable":true,"href":"https:\/\/blogs.dickinson.edu\/spanishgastronomy2021\/wp-json\/wp\/v2\/tags?post=211"}],"curies":[{"name":"wp","href":"https:\/\/api.w.org\/{rel}","templated":true}]}}