{"id":286,"date":"2021-02-19T12:19:08","date_gmt":"2021-02-19T17:19:08","guid":{"rendered":"http:\/\/blogs.dickinson.edu\/spanishgastronomy2021\/?p=286"},"modified":"2021-02-21T15:16:23","modified_gmt":"2021-02-21T20:16:23","slug":"el-pan-de-mi-abuela-claire-burnet","status":"publish","type":"post","link":"https:\/\/blogs.dickinson.edu\/spanishgastronomy2021\/2021\/02\/19\/el-pan-de-mi-abuela-claire-burnet\/","title":{"rendered":"El pan de mi abuela &#8211; Claire Burnet"},"content":{"rendered":"<p><span style=\"font-weight: 400\">Claire Burnet<\/span><\/p>\n<p><span style=\"font-weight: 400\">Profesora Arnedo-Aldrich<\/span><\/p>\n<p><span style=\"font-weight: 400\">SPAN 231-02\u00a0<\/span><\/p>\n<p><span style=\"font-weight: 400\">19 febrero, 2021<\/span><\/p>\n<p>&nbsp;<\/p>\n<p style=\"text-align: center\"><span style=\"font-weight: 400\">El pan de mi abuela<\/span><\/p>\n<p><span style=\"font-weight: 400\">En sus reflexiones sobre la importancia de la etiqueta de la mesa, Mar\u00eda Mestayer escribi\u00f3 que la due\u00f1a de la casa debe ser la primera persona que sentarse y levantarse de la mesa (Mestayer 25). Muchas veces la due\u00f1a de la casa tambi\u00e9n es la cocinera de la comida. Aunque en el tiempo de Mestayer las mujeres se ocupaban un nivel inferior en sociedad, eran una parte central de la mesa y cocina. La matriarca de la familia ten\u00eda poder en su capacidad de alimentar y reunir la gente. <span style=\"color: #3366ff\">Hoy en d\u00eda, las mujeres no deben limitar sus poderes hasta la mesa o cocina, pero todav\u00eda est\u00e1 un lugar importante a muchas<\/span>. Eso es el caso con mi abuela, Norie. Ella tiene noventa a\u00f1os, y tiene platos que ha cocinado por toda de su vida. Para ella, <span style=\"color: #008000\">la importancia de la comida es en su capacidad de preservar historia y traer alegr\u00eda a mi familia<\/span>. Ning\u00fan plato ejemplifica esto m\u00e1s que su famoso pan dulce, stollen.<\/span><\/p>\n<p><span style=\"font-weight: 400\">Seg\u00fan mi abuela, ella ha hecho su stollen por m\u00e1s que cincuenta a\u00f1os. Este pan dulce, lleno de fruta seca, almendras, y <span style=\"color: #ff0000\">cascar\u00e1<\/span> de lim\u00f3n, viene de una antigua receta de <\/span><i><span style=\"font-weight: 400\">Betty Crocker<\/span><\/i><span style=\"font-weight: 400\">, pero ella dice que la tradici\u00f3n de stollen viene originalmente de Alemania con su madre, mi bisabuela. Al parecer, mi bisabuela no <span style=\"color: #ff0000\">fuera<\/span> una muy buena cocinera. Una vez, ella cambi\u00f3 su receta y no dividi\u00f3 la masa en cuatro pedazos. \u00a1Cuando fue al horno a ver su stollen, dijo que encontr\u00f3 <span style=\"color: #3366ff\">un ternero fue tan grande<\/span>! Mi abuela continuaba la tradici\u00f3n, cambiando y refinando la receta un poco cada a\u00f1o.\u00a0<\/span><\/p>\n<p><span style=\"font-weight: 400\">Cada navidad, ella hornea m\u00e1s <span style=\"color: #ff0000\">que<\/span> treinta panes para regalar a su familia y amigos. Ella est\u00e1 muy orgullosa de este postre y le encantaba recordarnos su historia y or\u00edgenes. <span style=\"color: #ff0000\">No todos<\/span> nos gusta el sabor, pero amamos la tradici\u00f3n y felicidad de mi abuela. Como Mestayer escribi\u00f3, \u201clos invitados pueden y deben alabar <\/span><span style=\"font-weight: 400\">\u2014<\/span><span style=\"font-weight: 400\">siempre con mesura, pero expresivamente<\/span><span style=\"font-weight: 400\">\u2014<\/span><span style=\"font-weight: 400\"> la satisfacci\u00f3n que les causa la bondad de los manjares que se les ofrece <\/span><span style=\"font-weight: 400\">\u2014<\/span><span style=\"font-weight: 400\">aun cuando fueran detestables<\/span><span style=\"font-weight: 400\">\u2014,<\/span><span style=\"font-weight: 400\"> as\u00ed como lo agradecidos que quedan tantas atenciones\u201d (Mestayer 26).<\/span><\/p>\n<p><span style=\"font-weight: 400\">\u201cStollen\u201d de Norie:<\/span><\/p>\n<p><span style=\"font-weight: 400\">2 paquetes de levadura (disolver en 1\/2 taza de agua tibia)<\/span><\/p>\n<p><span style=\"font-weight: 400\">1\/2 taza de mantequilla <span style=\"color: #ff0000\">ablandado<\/span><\/span><\/p>\n<p><span style=\"font-weight: 400\">1\/2 taza de az\u00facar<\/span><\/p>\n<p><span style=\"font-weight: 400\">1 cucharadita de sal<\/span><\/p>\n<p><span style=\"font-weight: 400\">2 huevos<\/span><\/p>\n<p><span style=\"font-weight: 400\">4 tazas harina (mezclar gradualmente)<\/span><\/p>\n<p><span style=\"font-weight: 400\">Espolvorear harina extra en el mostrador y amasar la masa con cuarto vueltas, agregando harina seg\u00fan sea necesario. Poner en un bol untado con un poco de mantequilla y dar la vuelta. Cubra con una toalla de papel h\u00fameda. Deje crecer hasta que se duplique (1 1\/2 &#8211; 2 horas). <span style=\"color: #ff0000\">Golpea<\/span> hacia abajo y<span style=\"color: #ff0000\"> gira<\/span>. Deje crecer nuevamente el doble (45 min a 1 hora). Amasar en la mezcla de frutas:<\/span><\/p>\n<p><span style=\"font-weight: 400\">1 taza de pasas (combinar doradas y oscuras)\u00a0<\/span><\/p>\n<p><span style=\"font-weight: 400\">1 c\u00e1scara de lim\u00f3n (rallada)<\/span><\/p>\n<p><span style=\"font-weight: 400\">3\/4 taza de albaricoques secos picados\u00a0<\/span><\/p>\n<p><span style=\"font-weight: 400\">1\/2 taza de almendras picadas\u00a0<\/span><\/p>\n<p><span style=\"font-weight: 400\">1\/4 cucharadita de extracto de almendra\u00a0<\/span><\/p>\n<p><span style=\"font-weight: 400\">Divida la masa en cuartos. Forme \u00f3valos gruesos y d\u00f3blelos en medias lunas. Presione hacia abajo en la parte trasera. Cubra con una toalla de papel h\u00fameda y coloque en bandejas para hornear. Deje subir 3\/4 &#8211; 1 hora. Hornee a 325-350 grados por media hora. Revise la masa con un palito de madera. Vierta un poco de <span style=\"color: #ff0000\">glaseado de az\u00facar<\/span> en polvo y decore a su gusto con frutas confitadas y nueces.\u00a0\u00a0<\/span><\/p>\n<p>&nbsp;<\/p>\n<p><span style=\"font-weight: 400\">Nuevo l\u00e9xico:<\/span><\/p>\n<ul>\n<li style=\"font-weight: 400\"><span style=\"font-weight: 400\">Matriarca &#8211; matriarch<\/span><\/li>\n<li style=\"font-weight: 400\"><span style=\"font-weight: 400\">Cascar\u00e1 &#8211; peel<\/span><\/li>\n<li style=\"font-weight: 400\"><span style=\"font-weight: 400\">Ternero &#8211; calf<\/span><\/li>\n<li style=\"font-weight: 400\"><span style=\"font-weight: 400\">Alabar &#8211; praise<\/span><\/li>\n<li style=\"font-weight: 400\"><span style=\"font-weight: 400\">Espolvorear &#8211; sprinkle<\/span><\/li>\n<\/ul>\n<p><img loading=\"lazy\" decoding=\"async\" class=\"alignnone size-medium wp-image-288\" src=\"http:\/\/blogs.dickinson.edu\/spanishgastronomy2021\/files\/2021\/02\/IMG_8844-300x225.jpg\" alt=\"\" width=\"300\" height=\"225\" srcset=\"https:\/\/blogs.dickinson.edu\/spanishgastronomy2021\/files\/2021\/02\/IMG_8844-300x225.jpg 300w, https:\/\/blogs.dickinson.edu\/spanishgastronomy2021\/files\/2021\/02\/IMG_8844-768x576.jpg 768w, https:\/\/blogs.dickinson.edu\/spanishgastronomy2021\/files\/2021\/02\/IMG_8844.jpg 1008w\" sizes=\"auto, (max-width: 300px) 100vw, 300px\" \/><\/p>\n<p><span style=\"font-weight: 400\">Obras citadas<\/span><\/p>\n<p><span style=\"font-weight: 400\">Mestayer de Echagu\u0308e, Mar\u00eda \u201cCap\u00edtulo II: La Mesa.\u201d <\/span><i><span style=\"font-weight: 400\">La Cocina Completa Enciclopedia Culinaria, <\/span><\/i><span style=\"font-weight: 400\">1940, pp. 21\u201326.<\/span><\/p>\n","protected":false},"excerpt":{"rendered":"<p>Claire Burnet Profesora Arnedo-Aldrich SPAN 231-02\u00a0 19 febrero, 2021 &nbsp; El pan de mi abuela En sus reflexiones sobre la importancia de la etiqueta de la mesa, Mar\u00eda Mestayer escribi\u00f3 que la due\u00f1a de la casa debe ser la primera persona que sentarse y levantarse de la mesa (Mestayer 25). Muchas veces la due\u00f1a de [&hellip;]<\/p>\n","protected":false},"author":4524,"featured_media":0,"comment_status":"open","ping_status":"open","sticky":false,"template":"","format":"standard","meta":{"footnotes":""},"categories":[75387],"tags":[],"class_list":["post-286","post","type-post","status-publish","format-standard","hentry","category-blog-3"],"_links":{"self":[{"href":"https:\/\/blogs.dickinson.edu\/spanishgastronomy2021\/wp-json\/wp\/v2\/posts\/286","targetHints":{"allow":["GET"]}}],"collection":[{"href":"https:\/\/blogs.dickinson.edu\/spanishgastronomy2021\/wp-json\/wp\/v2\/posts"}],"about":[{"href":"https:\/\/blogs.dickinson.edu\/spanishgastronomy2021\/wp-json\/wp\/v2\/types\/post"}],"author":[{"embeddable":true,"href":"https:\/\/blogs.dickinson.edu\/spanishgastronomy2021\/wp-json\/wp\/v2\/users\/4524"}],"replies":[{"embeddable":true,"href":"https:\/\/blogs.dickinson.edu\/spanishgastronomy2021\/wp-json\/wp\/v2\/comments?post=286"}],"version-history":[{"count":0,"href":"https:\/\/blogs.dickinson.edu\/spanishgastronomy2021\/wp-json\/wp\/v2\/posts\/286\/revisions"}],"wp:attachment":[{"href":"https:\/\/blogs.dickinson.edu\/spanishgastronomy2021\/wp-json\/wp\/v2\/media?parent=286"}],"wp:term":[{"taxonomy":"category","embeddable":true,"href":"https:\/\/blogs.dickinson.edu\/spanishgastronomy2021\/wp-json\/wp\/v2\/categories?post=286"},{"taxonomy":"post_tag","embeddable":true,"href":"https:\/\/blogs.dickinson.edu\/spanishgastronomy2021\/wp-json\/wp\/v2\/tags?post=286"}],"curies":[{"name":"wp","href":"https:\/\/api.w.org\/{rel}","templated":true}]}}