{"id":398,"date":"2021-02-26T17:40:19","date_gmt":"2021-02-26T22:40:19","guid":{"rendered":"http:\/\/blogs.dickinson.edu\/spanishgastronomy2021\/?p=398"},"modified":"2021-02-28T23:58:17","modified_gmt":"2021-03-01T04:58:17","slug":"consumo-responsable-con-alimentos-mediterraneos","status":"publish","type":"post","link":"https:\/\/blogs.dickinson.edu\/spanishgastronomy2021\/2021\/02\/26\/consumo-responsable-con-alimentos-mediterraneos\/","title":{"rendered":"Consumo responsable con alimentos mediterr\u00e1neos"},"content":{"rendered":"<p>Demi Gerovasilis<\/p>\n<p>Asunci\u00f3n Arnedo<\/p>\n<p>SPAN231-02<\/p>\n<p>26 de Febrero 2021<\/p>\n<p style=\"text-align: center\"><strong>Consumo responsable con alimentos mediterr\u00e1neos<\/strong><\/p>\n<p>En su libro de recetas, Samin Nosrat explic\u00f3 que las reacciones qu\u00edmicas indicadas por el calor afectan al sabor y la textura de la comida (136). Cuando hablamos de los alimentos que comemos, es importante que <span style=\"color: #ff0000\">enfocamos<\/span> en la comida que sustenta nuestras dietas. Al mismo timepo, hay alimentos espec\u00edficos que deben consumirse con moderaci\u00f3n. Las transformaciones de los alimentos tienen consecuencias en nuestro planeta y nuestra salud. Por lo tanto, para lograr consumo responsible, es esencial reducir los procesos industriales de producci\u00f3n de alimentos y comer los alimentos en su estado m\u00e1s natural, rico, y nutricional.<\/p>\n<p>En relaci\u00f3n a la dieta mediterr\u00e1nea, es fundamental que los vegetales <span style=\"color: #ff0000\">est\u00e1n incluidas<\/span> en cada comida. Los vegetales son la principal fuente de vitaminas, <span style=\"color: #ff0000\">minerals<\/span>, y fibra, y previenen enfermedades cardiovasculares y tipos espec\u00edficos de c\u00e1ncer (Fundaci\u00f3n Dieta Mediterr\u00e1nea). Adem\u00e1s, los colores y las texturas diferentes proporcionan una diversidad de antioxidantes, y sustancias protectoras (Fundaci\u00f3n Dieta Mediterr\u00e1nea). <span style=\"color: #ff0000\">Sin embargo, se recomienda que los vegetales deben ser crudos, frescos y se comen durante de su temporada m\u00e1s adecuada<\/span> (Fundaci\u00f3n Dieta Mediterr\u00e1nea). En particular, Nosrat enfatiz\u00f3 que cuando se cocina un vegetal, el calor causa su almid\u00f3n se descomponga en az\u00facares. Por consiguiente, como las membranas celulares se desintegran, las vitaminas y los minerales se pierden, y el vegetal vuelve m\u00e1s dulce que su estado crudo (Nosrat 143).<\/p>\n<p>Tambi\u00e9n, en la dieta mediterr\u00e1nea, las frutas y<span style=\"color: #333333\"> las frutas secas <\/span>con los nueces sirven como un postre nutritivo con muchos beneficios. Pero, con relaci\u00f3n a las frutas secas es muy importante que este alimento no <span style=\"color: #ff0000\">est\u00e1<\/span> procesado. Algunos tipos de frutas secas se conocen como \u201c<strong>fruta confitada<\/strong>.\u201d Este tipo de fruta seca se <strong><span style=\"color: #ff0000\">infundido<\/span> <\/strong>con <strong>jarabe<\/strong> de az\u00facar o jugos de frutas antes del secado (Sadler et al). As\u00ed que, la fruta seca puede ser alta en az\u00facares, y puede da\u00f1ar los dientes, empeoramiento de la salud dental en general. \u00a1Hasta Nosrat dice que cuando monitore\u00f3 las temperaturas del az\u00facar por primera vez, (al hacer dulces), termin\u00f3 pagando a su dentista cientos de d\u00f3lares (143)! <span style=\"color: #ff0000\">A continuar<\/span>, en el procesamiento y <strong>el secado<\/strong> de la fruta seca, los cambios en los micronutrientes incluyen la p\u00e9rdida de la vitamina C, la fibra, y los antioxidantes (Sadler et al). La falta de los micronutrientes y la fibra conduce a las enfermedades a largo plazo. Por estas razones es imprescindible para plantar y cultivar las verduras y frutas frescas de una manera natural, con medios industriales limitados.<\/p>\n<p>Por fin, se entiende que \u201cel aceite de oliva ha sido, desde siempre, la grasa del hombre mediterr\u00e1neo\u201d (Pla 267). Josep Pla explic\u00f3 que la mayonesa es como el ajoaceite, sin el sabor ajo. Sin embargo, cuando Pla describi\u00f3 la mayonesa, <span style=\"color: #ff0000\">\u00e9l que<\/span>, \u201cEn momentos actuales, esta salsa no solamente ha perdido cohesion molecular, sino que se ha vuelto p\u00e1lida hasta extremos alarmantes\u201d (261). Por lo tanto, esta declaraci\u00f3n me lleva a cuestionar si <strong>el embalaje <\/strong>y la industilizaci\u00f3n de la mayonesa en hoy d\u00eda, han hecho que este alimento pierda su textura consistente y color amarillo. \u00bfQu\u00e9 crees t\u00fa?<\/p>\n<p><strong> <img loading=\"lazy\" decoding=\"async\" class=\"alignnone size-medium wp-image-399\" src=\"http:\/\/blogs.dickinson.edu\/spanishgastronomy2021\/files\/2021\/02\/dried-food-300x225.jpg\" alt=\"\" width=\"300\" height=\"225\" srcset=\"https:\/\/blogs.dickinson.edu\/spanishgastronomy2021\/files\/2021\/02\/dried-food-300x225.jpg 300w, https:\/\/blogs.dickinson.edu\/spanishgastronomy2021\/files\/2021\/02\/dried-food.jpg 732w\" sizes=\"auto, (max-width: 300px) 100vw, 300px\" \/><\/strong><\/p>\n<p><a href=\"https:\/\/www.healthline.com\/nutrition\/dried-fruit-good-or-bad\">https:\/\/www.healthline.com\/nutrition\/dried-fruit-good-or-bad<\/a><\/p>\n<p><strong>Nuevo l\u00e9xico:<\/strong><\/p>\n<p>fruta confitada \u2013 candied fruit<\/p>\n<p>infundir \u2013 to infuse<\/p>\n<p>jarabe \u2013 syrup<\/p>\n<p>el secado \u2013 drying<\/p>\n<p>el embalaje \u2013 packaging<\/p>\n<p>&nbsp;<\/p>\n<p><strong>Obras citadas:<\/strong><\/p>\n<p>\u201cC\u00f3mo funciona el calor.\u201d <em>Sal, grasa, \u00e1cido, calor: El arte de dominar los cuatro elementos de la buena cocina<\/em>, by Samin Nosrat, Neo Person, 2018, pp. 136\u2013150. <a href=\"https:\/\/lms.dickinson.edu\/pluginfile.php\/1499956\/course\/section\/235586\/Cocinando%20con%20calor%20de%20Samin%20Nosrat.pdf\">https:\/\/lms.dickinson.edu\/pluginfile.php\/1499956\/course\/section\/235586\/Cocinando%20con%20calor%20de%20Samin%20Nosrat.pdf<\/a><\/p>\n<p>Pla, Josep. <em>Lo Que Hemos Comido<\/em>. Destino, 2013.<\/p>\n<p>\u201c\u00bfQu\u00e9 es la dieta mediterr\u00e1nea?\u201d <em>Fundaci\u00f3n Dieta Mediterr\u00e1nea<\/em>, dietamediterranea.com\/nutricion-saludable-ejercicio-fisico\/#piramide. <a href=\"https:\/\/dietamediterranea.com\/nutricion-saludable-ejercicio-fisico\/#piramide\">https:\/\/dietamediterranea.com\/nutricion-saludable-ejercicio-fisico\/#piramide<\/a><\/p>\n<p>Sadler, Michele Jeanne, et al. \u201cDried Fruit and Public Health &#8211; What Does the Evidence Tell Us?\u201d\u00a0<em>International Journal of Food Sciences and Nutrition<\/em>, vol. 70, no. 6, Taylor &amp; Francis, 2019, pp. 675\u201387, doi:10.1080\/09637486.2019.1568398.<\/p>\n","protected":false},"excerpt":{"rendered":"<p>Demi Gerovasilis Asunci\u00f3n Arnedo SPAN231-02 26 de Febrero 2021 Consumo responsable con alimentos mediterr\u00e1neos En su libro de recetas, Samin Nosrat explic\u00f3 que las reacciones qu\u00edmicas indicadas por el calor afectan al sabor y la textura de la comida (136). Cuando hablamos de los alimentos que comemos, es importante que enfocamos en la comida que [&hellip;]<\/p>\n","protected":false},"author":4511,"featured_media":0,"comment_status":"open","ping_status":"open","sticky":false,"template":"","format":"standard","meta":{"footnotes":""},"categories":[75388],"tags":[],"class_list":["post-398","post","type-post","status-publish","format-standard","hentry","category-blog-4"],"_links":{"self":[{"href":"https:\/\/blogs.dickinson.edu\/spanishgastronomy2021\/wp-json\/wp\/v2\/posts\/398","targetHints":{"allow":["GET"]}}],"collection":[{"href":"https:\/\/blogs.dickinson.edu\/spanishgastronomy2021\/wp-json\/wp\/v2\/posts"}],"about":[{"href":"https:\/\/blogs.dickinson.edu\/spanishgastronomy2021\/wp-json\/wp\/v2\/types\/post"}],"author":[{"embeddable":true,"href":"https:\/\/blogs.dickinson.edu\/spanishgastronomy2021\/wp-json\/wp\/v2\/users\/4511"}],"replies":[{"embeddable":true,"href":"https:\/\/blogs.dickinson.edu\/spanishgastronomy2021\/wp-json\/wp\/v2\/comments?post=398"}],"version-history":[{"count":0,"href":"https:\/\/blogs.dickinson.edu\/spanishgastronomy2021\/wp-json\/wp\/v2\/posts\/398\/revisions"}],"wp:attachment":[{"href":"https:\/\/blogs.dickinson.edu\/spanishgastronomy2021\/wp-json\/wp\/v2\/media?parent=398"}],"wp:term":[{"taxonomy":"category","embeddable":true,"href":"https:\/\/blogs.dickinson.edu\/spanishgastronomy2021\/wp-json\/wp\/v2\/categories?post=398"},{"taxonomy":"post_tag","embeddable":true,"href":"https:\/\/blogs.dickinson.edu\/spanishgastronomy2021\/wp-json\/wp\/v2\/tags?post=398"}],"curies":[{"name":"wp","href":"https:\/\/api.w.org\/{rel}","templated":true}]}}