{"id":562,"date":"2021-03-21T12:57:23","date_gmt":"2021-03-21T16:57:23","guid":{"rendered":"http:\/\/blogs.dickinson.edu\/spanishgastronomy2021\/?p=562"},"modified":"2021-03-21T12:57:23","modified_gmt":"2021-03-21T16:57:23","slug":"mi-reaccion-y-reflexion-sobre-los-hermanos-creativos-katie-chapis","status":"publish","type":"post","link":"https:\/\/blogs.dickinson.edu\/spanishgastronomy2021\/2021\/03\/21\/mi-reaccion-y-reflexion-sobre-los-hermanos-creativos-katie-chapis\/","title":{"rendered":"Mi\u00a0reacci\u00f3n\u00a0y\u00a0reflexi\u00f3n\u00a0sobre los\u00a0hermanos creativos\u00a0&#8211; Katie Chapis"},"content":{"rendered":"<p><span data-contrast=\"none\">Katie\u00a0<\/span><span data-contrast=\"none\">Chapis<\/span><span data-ccp-props=\"{&quot;201341983&quot;:0,&quot;335559739&quot;:160,&quot;335559740&quot;:259}\">\u00a0<\/span><\/p>\n<p><span data-contrast=\"none\">Asunci\u00f3n Arnedo<\/span><span data-ccp-props=\"{&quot;201341983&quot;:0,&quot;335559739&quot;:160,&quot;335559740&quot;:259}\">\u00a0<\/span><\/p>\n<p><span data-contrast=\"none\">SPAN 231-02<\/span><span data-ccp-props=\"{&quot;201341983&quot;:0,&quot;335559739&quot;:160,&quot;335559740&quot;:259}\">\u00a0<\/span><\/p>\n<p><span data-contrast=\"none\">2<\/span><span data-contrast=\"none\">1<\/span><span data-contrast=\"none\">\u00a0<\/span><span data-contrast=\"none\">de marzo del 2021<\/span><span data-ccp-props=\"{&quot;201341983&quot;:0,&quot;335559739&quot;:160,&quot;335559740&quot;:259}\">\u00a0<\/span><\/p>\n<p style=\"text-align: center\"><span data-contrast=\"none\">Mi\u00a0<\/span><span data-contrast=\"none\">r<\/span><span data-contrast=\"none\">eacci\u00f3n<\/span><span data-contrast=\"none\">\u00a0y\u00a0<\/span><span data-contrast=\"none\">reflexi\u00f3n<\/span><span data-contrast=\"none\">\u00a0sobre los<\/span><span data-contrast=\"none\">\u00a0hermanos creativos<\/span><span data-ccp-props=\"{&quot;201341983&quot;:0,&quot;335551550&quot;:2,&quot;335551620&quot;:2,&quot;335559739&quot;:160,&quot;335559740&quot;:259}\">\u00a0<\/span><\/p>\n<p><span data-contrast=\"none\">Al ver estos dos videos, descubr\u00ed\u00a0cu\u00e1nto rigor y creatividad se necesita para empujar los l\u00edmites de la cocina.\u00a0Estos videos\u00a0sobre los hermanos\u00a0<\/span><span data-contrast=\"none\">Adri\u00e1<\/span><span data-contrast=\"none\">, Ferr\u00e1n y Albert, fueron muy interesantes y reveladores, especialmente porque no tengo mucho conocimiento sobre la cocina y las\u00a0<\/span><span data-contrast=\"none\">altas\u00a0<\/span><span data-contrast=\"none\">cocinas. En\u00a0<\/span><i><span data-contrast=\"none\">\u201cComer conocimiento\u201d: Documental sobre la obra de Ferr\u00e1n\u00a0<\/span><\/i><i><span data-contrast=\"none\">Adri\u00e1<\/span><\/i><span data-contrast=\"none\">, aprend\u00ed sobre la innovaci\u00f3n de Ferr\u00e1n en el restaurante, El\u00a0<\/span><span data-contrast=\"none\">Bulli<\/span><span data-contrast=\"none\">. La exposici\u00f3n de Ferr\u00e1n\u00a0demostr\u00f3\u00a0el pensamiento\u00a0profundo y el\u00a0trabajo intenso necesario\u00a0para crear un restaurante \u00fanico. Al final del video, Ferr\u00e1n dice que \u201ces muy dif\u00edcil\u00a0hacer algo de verdad nuevo,\u201d\u00a0y esta cita me llam\u00f3 la atenci\u00f3n porque \u00e9l tiene raz\u00f3n. Con todos los platos presentes hoy en d\u00eda, debe ser\u00a0muy extenuante crear ideas nuevas para los mismos alimentos.\u00a0Por ejemplo, a su exposici\u00f3n, uno de los cursos era un spray de\u00a0<\/span><span data-contrast=\"none\">dry<\/span><span data-contrast=\"none\">\u00a0<\/span><span data-contrast=\"none\">martini<\/span><span data-contrast=\"none\">. A pesar de que los\u00a0<\/span><span data-contrast=\"none\">martinis<\/span><span data-contrast=\"none\">\u00a0han existido por mucho tiempo,\u00a0<\/span><span data-contrast=\"none\">esta forma<\/span><span data-contrast=\"none\">\u00a0de servir la bebida<\/span><span data-contrast=\"none\">\u00a0<\/span><span data-contrast=\"none\">es tan original.\u00a0Es muy impresionante. A m\u00ed me gusta la manera de presentaci\u00f3n de las comidas y platos\u00a0(la caja negra\/el cubo con nombres de platos)\u00a0y la presentaci\u00f3n de los alimentos en general fue\u00a0muy fascinante.\u00a0Me encanta c\u00f3mo Ferr\u00e1n describi\u00f3 su utilizaci\u00f3n de los alimentos como un lenguaje porque\u00a0la experiencia \u00fanica a su restaurante crea un discurso. Me parece que Ferr\u00e1n es<\/span><span data-contrast=\"none\">\u00a0un chef<\/span><span data-contrast=\"none\">\u00a0visionario\u00a0y quiere compartir su pasi\u00f3n por la cocina y platos nuevos\u00a0con el mundo. A El\u00a0<\/span><span data-contrast=\"none\">Bulli, la experiencia con comida es m\u00e1s que simplemente comer; la experiencia involucra la mente, y pienso que est<\/span><span data-contrast=\"none\">e<\/span><span data-contrast=\"none\">\u00a0concepto de Ferr\u00e1n\u00a0es muy complicado pero\u00a0fascinante.\u00a0\u00a0\u00a0<\/span><span data-ccp-props=\"{&quot;201341983&quot;:0,&quot;335551550&quot;:1,&quot;335551620&quot;:1,&quot;335559739&quot;:160,&quot;335559740&quot;:259}\">\u00a0<\/span><\/p>\n<p><span data-contrast=\"none\">El segundo video,<\/span><i><span data-contrast=\"none\">\u00a0<\/span><\/i><i><span data-contrast=\"none\">Chef&#8217;s<\/span><\/i><i><span data-contrast=\"none\">\u00a0Table: Albert\u00a0<\/span><\/i><i><span data-contrast=\"none\">Adri\u00e1<\/span><\/i><i><span data-contrast=\"none\">,<\/span><\/i><span data-contrast=\"none\">\u00a0destac\u00f3 la enorme contribuci\u00f3n de Albert a El\u00a0<\/span><span data-contrast=\"none\">Bulli<\/span><span data-contrast=\"none\">\u00a0y a gastronom\u00eda en general<\/span><span data-contrast=\"none\">.\u00a0<\/span><span data-contrast=\"none\">En mi\u00a0<\/span><span data-contrast=\"none\">opini\u00f3n<\/span><span data-contrast=\"none\">, n<\/span><span data-contrast=\"none\">o es\u00a0reconocido suficientemente por su talento y creatividad porque es introvertido y no es bueno con la prensa. Debido a su trabaja en el taller, El\u00a0<\/span><span data-contrast=\"none\">Bulli<\/span><span data-contrast=\"none\">\u00a0es conocido por romper l\u00edmites.\u00a0Este video me hizo sentir mal por Albert, pero en realidad, \u00e9l es muy exitoso.<\/span><span data-contrast=\"none\">\u00a0A m\u00ed me gusta la premisa de su restaurante, Tickets, porque\u00a0<\/span><span data-contrast=\"none\">se centra en una exp<\/span><span data-contrast=\"none\">eriencia divertida<\/span><span data-contrast=\"none\">\u00a0con ilusiones<\/span><span data-contrast=\"none\">. Como\u00a0<\/span><span data-contrast=\"none\">en El\u00a0<\/span><span data-contrast=\"none\">Bulli<\/span><span data-contrast=\"none\">, la experiencia\u00a0<\/span><span data-contrast=\"none\">en Tickets\u00a0<\/span><span data-contrast=\"none\">es m\u00e1s de comer, es \u201cun\u00a0maravilloso viaje de visiones y sonidos<\/span><span data-contrast=\"none\">.<\/span><span data-contrast=\"none\">\u201d<\/span><span data-contrast=\"none\">\u00a0Albert<\/span><span data-contrast=\"none\">\u00a0describi\u00f3 la\u00a0<\/span><span data-contrast=\"none\">presi\u00f3n enorme asociada<\/span><span data-contrast=\"none\">\u00a0con la innovaci\u00f3n\u00a0<\/span><span data-contrast=\"none\">constante en una alta cocina<\/span><span data-contrast=\"none\">\u00a0y nunca he pensado en eso antes. El trabajo de\u00a0<\/span><span data-contrast=\"none\">cocinero\u00a0<\/span><span data-contrast=\"none\">e<\/span><span data-contrast=\"none\">\u00a0<\/span><span data-contrast=\"none\">inventor en la alta cocina\u00a0<\/span><span data-contrast=\"none\">me parece<\/span><span data-contrast=\"none\">\u00a0muy\u00a0<\/span><span data-contrast=\"none\">dif\u00edcil y estresante<\/span><span data-contrast=\"none\">. Creo que<\/span><span data-contrast=\"none\">\u00a0su decisi\u00f3n de dejar El\u00a0<\/span><span data-contrast=\"none\">Bulli<\/span><span data-contrast=\"none\">\u00a0<\/span><span data-contrast=\"none\">fue buena\u00a0<\/span><span data-contrast=\"none\">porque ahora recibe m\u00e1s cr\u00e9dito y atenci\u00f3n por su trabaja<\/span><span data-contrast=\"none\">\u00a0y arte<\/span><span data-contrast=\"none\">.\u00a0<\/span><span data-contrast=\"none\">Albert es m\u00e1s de \u201cel hermano de Ferr\u00e1n<\/span><span data-contrast=\"none\">,<\/span><span data-contrast=\"none\">\u201d es un\u00a0<\/span><span data-contrast=\"none\">chef<\/span><span data-contrast=\"none\">\u00a0ingenioso<\/span><span data-contrast=\"none\">\u00a0y\u00a0<\/span><span data-contrast=\"none\">creativo<\/span><span data-contrast=\"none\">\u00a0y\u00a0<\/span><span data-contrast=\"none\">tiene un nombre. Estoy contenta de que este video muestre\u00a0<\/span><span data-contrast=\"none\">el verdadero talento de Alberto.\u00a0<\/span><span data-contrast=\"none\">Tengo un mont\u00f3n de respeto por\u00a0<\/span><span data-contrast=\"none\">lo<\/span><span data-contrast=\"none\">s<\/span><span data-contrast=\"none\">\u00a0dos hombres<\/span><span data-contrast=\"none\">\u00a0porque pienso que sus trabajos requieren<\/span><span data-contrast=\"none\">\u00a0much<\/span><span data-contrast=\"none\">a<\/span><span data-contrast=\"none\">\u00a0creatividad\u00a0<\/span><span data-contrast=\"none\">e\u00a0innovaci\u00f3n\u00a0para crear platos nuevos y estas exigencias son rigurosas.<\/span><span data-ccp-props=\"{&quot;201341983&quot;:0,&quot;335551550&quot;:1,&quot;335551620&quot;:1,&quot;335559739&quot;:160,&quot;335559740&quot;:259}\">\u00a0<\/span><\/p>\n","protected":false},"excerpt":{"rendered":"<p>Katie\u00a0Chapis\u00a0 Asunci\u00f3n Arnedo\u00a0 SPAN 231-02\u00a0 21\u00a0de marzo del 2021\u00a0 Mi\u00a0reacci\u00f3n\u00a0y\u00a0reflexi\u00f3n\u00a0sobre los\u00a0hermanos creativos\u00a0 Al ver estos dos videos, descubr\u00ed\u00a0cu\u00e1nto rigor y creatividad se necesita para empujar los l\u00edmites de la cocina.\u00a0Estos videos\u00a0sobre los hermanos\u00a0Adri\u00e1, Ferr\u00e1n y Albert, fueron muy interesantes y reveladores, especialmente porque no tengo mucho conocimiento sobre la cocina y las\u00a0altas\u00a0cocinas. En\u00a0\u201cComer conocimiento\u201d: Documental [&hellip;]<\/p>\n","protected":false},"author":4520,"featured_media":0,"comment_status":"open","ping_status":"open","sticky":false,"template":"","format":"standard","meta":{"footnotes":""},"categories":[1],"tags":[],"class_list":["post-562","post","type-post","status-publish","format-standard","hentry","category-uncategorized"],"_links":{"self":[{"href":"https:\/\/blogs.dickinson.edu\/spanishgastronomy2021\/wp-json\/wp\/v2\/posts\/562","targetHints":{"allow":["GET"]}}],"collection":[{"href":"https:\/\/blogs.dickinson.edu\/spanishgastronomy2021\/wp-json\/wp\/v2\/posts"}],"about":[{"href":"https:\/\/blogs.dickinson.edu\/spanishgastronomy2021\/wp-json\/wp\/v2\/types\/post"}],"author":[{"embeddable":true,"href":"https:\/\/blogs.dickinson.edu\/spanishgastronomy2021\/wp-json\/wp\/v2\/users\/4520"}],"replies":[{"embeddable":true,"href":"https:\/\/blogs.dickinson.edu\/spanishgastronomy2021\/wp-json\/wp\/v2\/comments?post=562"}],"version-history":[{"count":0,"href":"https:\/\/blogs.dickinson.edu\/spanishgastronomy2021\/wp-json\/wp\/v2\/posts\/562\/revisions"}],"wp:attachment":[{"href":"https:\/\/blogs.dickinson.edu\/spanishgastronomy2021\/wp-json\/wp\/v2\/media?parent=562"}],"wp:term":[{"taxonomy":"category","embeddable":true,"href":"https:\/\/blogs.dickinson.edu\/spanishgastronomy2021\/wp-json\/wp\/v2\/categories?post=562"},{"taxonomy":"post_tag","embeddable":true,"href":"https:\/\/blogs.dickinson.edu\/spanishgastronomy2021\/wp-json\/wp\/v2\/tags?post=562"}],"curies":[{"name":"wp","href":"https:\/\/api.w.org\/{rel}","templated":true}]}}