{"id":192,"date":"2016-10-10T12:21:30","date_gmt":"2016-10-10T16:21:30","guid":{"rendered":"http:\/\/blogs.dickinson.edu\/twogermanies\/?p=192"},"modified":"2016-10-24T17:18:03","modified_gmt":"2016-10-24T21:18:03","slug":"frederika-mensch-die-mauer-1961","status":"publish","type":"post","link":"https:\/\/blogs.dickinson.edu\/twogermanies\/2016\/10\/10\/frederika-mensch-die-mauer-1961\/","title":{"rendered":"Frederika Mensch: die Mauer 1961"},"content":{"rendered":"<p>\nIch habe mich im Juli 1956 von Rostock nach Ostberlin umgezogen. Es dauerte Jahre, meinen Mut zusammenzunehmen, aber ich habe endlich gemerkt, dass eine \u00c4nderung n\u00f6tig war. Ich verlie\u00df meinen Job und meine Familie in Rostock, um ein Neubeginn zu f\u00f6rdern.  Ich wohne immer noch in Ostberlin, aber ich genoss auch die M\u00f6glichkeit, Westberlin zu besuchen.  Ich besuchte die Universit\u00e4t Berlin und ging oft ins Kino und zu Konzerten. Es schien endlich m\u00f6glich, mein Leben zu genie\u00dfen.<\/p>\n<p> Aber 13. August 1961 hat die Lage sich ge\u00e4ndert. Eine Mauer wird gebaut. In der Nacht riegeln die Nationale Volksarmee die Grenze zwischen Ost und Westberlin ab. Es war eine gro\u00dfe \u00dcberraschung. Ich war schockiert! Es ist kaum zu glauben, dass Berlin endg\u00fcltig geteilt ist; es passiert so schnell!<\/p>\n<p>Viele Leute sind in den Westen zu geflohen, aber jetzt ist es unm\u00f6glich geworden. Ich bin immer noch hier in Ostberlin und ich f\u00fchle mich als ob ich in Gef\u00e4ngnis bin. Es ist nat\u00fcrlich nicht so schlimm wie die Kriegszeit, aber ich habe das Gef\u00fchl, es besteht keine Hoffnung. Ich dachte, dass alles sich verbessern w\u00fcrde, dass ich eines Tages in den Westen fliehen w\u00fcrde. Jetzt ist diese Chance verschwunden. Ich trinke jetzt eine Tasse Mocca Fix und tr\u00e4ume von einer anderen Zukunft\u2026<\/p>\n","protected":false},"excerpt":{"rendered":"<p>Ich habe mich im Juli 1956 von Rostock nach Ostberlin umgezogen. Es dauerte Jahre, meinen Mut zusammenzunehmen, aber ich habe endlich gemerkt, dass eine \u00c4nderung n\u00f6tig war. Ich verlie\u00df meinen Job und meine Familie in Rostock, um ein Neubeginn zu &hellip; <a href=\"https:\/\/blogs.dickinson.edu\/twogermanies\/2016\/10\/10\/frederika-mensch-die-mauer-1961\/\">Continue reading <span class=\"meta-nav\">&rarr;<\/span><\/a><\/p>\n","protected":false},"author":3172,"featured_media":0,"comment_status":"open","ping_status":"open","sticky":false,"template":"","format":"standard","meta":{"footnotes":""},"categories":[134921],"tags":[],"class_list":["post-192","post","type-post","status-publish","format-standard","hentry","category-mauerbau-13-august-1961"],"_links":{"self":[{"href":"https:\/\/blogs.dickinson.edu\/twogermanies\/wp-json\/wp\/v2\/posts\/192","targetHints":{"allow":["GET"]}}],"collection":[{"href":"https:\/\/blogs.dickinson.edu\/twogermanies\/wp-json\/wp\/v2\/posts"}],"about":[{"href":"https:\/\/blogs.dickinson.edu\/twogermanies\/wp-json\/wp\/v2\/types\/post"}],"author":[{"embeddable":true,"href":"https:\/\/blogs.dickinson.edu\/twogermanies\/wp-json\/wp\/v2\/users\/3172"}],"replies":[{"embeddable":true,"href":"https:\/\/blogs.dickinson.edu\/twogermanies\/wp-json\/wp\/v2\/comments?post=192"}],"version-history":[{"count":0,"href":"https:\/\/blogs.dickinson.edu\/twogermanies\/wp-json\/wp\/v2\/posts\/192\/revisions"}],"wp:attachment":[{"href":"https:\/\/blogs.dickinson.edu\/twogermanies\/wp-json\/wp\/v2\/media?parent=192"}],"wp:term":[{"taxonomy":"category","embeddable":true,"href":"https:\/\/blogs.dickinson.edu\/twogermanies\/wp-json\/wp\/v2\/categories?post=192"},{"taxonomy":"post_tag","embeddable":true,"href":"https:\/\/blogs.dickinson.edu\/twogermanies\/wp-json\/wp\/v2\/tags?post=192"}],"curies":[{"name":"wp","href":"https:\/\/api.w.org\/{rel}","templated":true}]}}